{"id":12543,"date":"2018-06-26T20:46:17","date_gmt":"2018-06-26T23:46:17","guid":{"rendered":"http:\/\/vocesparalelas.com.ar\/sitio\/?p=12543"},"modified":"2018-06-30T20:46:55","modified_gmt":"2018-06-30T23:46:55","slug":"recorrido-de-estaciones-de-arte-para-concientizar-sobre-la-prevencion-de-adicciones","status":"publish","type":"post","link":"https:\/\/vocesparalelas.com.ar\/sitio\/recorrido-de-estaciones-de-arte-para-concientizar-sobre-la-prevencion-de-adicciones\/","title":{"rendered":"Recorrido de estaciones de arte para concientizar sobre la prevenci\u00f3n de adicciones"},"content":{"rendered":"<p>La Direcci\u00f3n de Abordaje Integral de las Adicciones del Ministerio de Desarrollo Humano del Gobierno de San Juan, organiza el \u00abMes de la Prevenci\u00f3n de Adicciones\u00bb.<\/p>\n<p>En conmemoraci\u00f3n del 26 de Junio, instituido por las Naciones Unidas como el D\u00eda Internacional de la Lucha Contra el Uso indebido de las Drogas, la Direcci\u00f3n de Abordaje Integral de las Adicciones del Ministerio de Desarrollo Humano del Gobierno de San Juan organiza el Mes de la Prevenci\u00f3n de Adicciones<\/p>\n<p>En ese marco se realizar\u00e1 una serie de actividades durante todo el mes en los 19 departamentos, finalizando el S\u00e1bado, 30 de Junio, desde las 15 hs.; en el Parque de Mayo.<\/p>\n<p>De esta manera se propone un recorrido con estaciones de arte donde cada participante pueden armar sus propias producciones y disfrutar de m\u00fasicos, espacios de teatro, murales, malabares, gastronom\u00eda local, sonidos de percusi\u00f3n, danza y ritmos urbanos, humor con stand up, estampados, pinturas en prendas y t\u00edteres.<\/p>\n<p><strong><span style=\"color: #008080\">Estaciones<\/span><\/strong><\/p>\n<p>Musical;\u00a0Pinta cara;\u00a0Grafiti;\u00a0Pint\u00e1 tu mate;\u00a0Gastronom\u00eda;\u00a0Mural;\u00a0Armado de Atrapasue\u00f1os;\u00a0Estampados;\u00a0Espect\u00e1culos;\u00a0Show musical;\u00a0T\u00edteres;\u00a0Teatro;\u00a0Ritmos urbanos;\u00a0Malabares;\u00a0Murga;\u00a0Sorteos<\/p>\n<p>De acuerdo con la resoluci\u00f3n 42\/112 del 7 de diciembre de 1987, la Asamblea General decidi\u00f3 conmemorar el D\u00eda Internacional contra el Tr\u00e1fico Il\u00edcito y Abuso de Drogas el 26 de junio como expresi\u00f3n de su determinaci\u00f3n en reforzar la acci\u00f3n y la cooperaci\u00f3n en lograr el objetivo de tener una sociedad internacional libre del abuso de drogas. Esta resoluci\u00f3n recomend\u00f3 acciones adicionales respecto al informe y las conclusiones de la Conferencia Internacional sobre Tr\u00e1fico Il\u00edcito y Abuso de Drogas de 1987.<\/p>\n<p><iframe loading=\"lazy\" width=\"800\" height=\"450\" src=\"https:\/\/www.youtube.com\/embed\/K0hL_oxXJUY?feature=oembed\" frameborder=\"0\" allow=\"autoplay; encrypted-media\" allowfullscreen><\/iframe><\/p>\n<p>&nbsp;<\/p>\n<p>&nbsp;<\/p>\n<p>&nbsp;<\/p>\n","protected":false},"excerpt":{"rendered":"<p>La Direcci\u00f3n de Abordaje Integral de las Adicciones del Ministerio de Desarrollo Humano del Gobierno de San Juan, organiza el<\/p>\n","protected":false},"author":3,"featured_media":0,"comment_status":"closed","ping_status":"closed","sticky":false,"template":"","format":"video","meta":{"_acf_changed":false,"_seopress_robots_primary_cat":"","_seopress_titles_title":"","_seopress_titles_desc":"","_seopress_robots_index":"","colormag_page_container_layout":"default_layout","colormag_page_sidebar_layout":"default_layout","footnotes":""},"categories":[1,7],"tags":[],"class_list":["post-12543","post","type-post","status-publish","format-video","hentry","category-destacadas","category-videos","post_format-post-format-video"],"acf":[],"_links":{"self":[{"href":"https:\/\/vocesparalelas.com.ar\/sitio\/wp-json\/wp\/v2\/posts\/12543","targetHints":{"allow":["GET"]}}],"collection":[{"href":"https:\/\/vocesparalelas.com.ar\/sitio\/wp-json\/wp\/v2\/posts"}],"about":[{"href":"https:\/\/vocesparalelas.com.ar\/sitio\/wp-json\/wp\/v2\/types\/post"}],"author":[{"embeddable":true,"href":"https:\/\/vocesparalelas.com.ar\/sitio\/wp-json\/wp\/v2\/users\/3"}],"replies":[{"embeddable":true,"href":"https:\/\/vocesparalelas.com.ar\/sitio\/wp-json\/wp\/v2\/comments?post=12543"}],"version-history":[{"count":0,"href":"https:\/\/vocesparalelas.com.ar\/sitio\/wp-json\/wp\/v2\/posts\/12543\/revisions"}],"wp:attachment":[{"href":"https:\/\/vocesparalelas.com.ar\/sitio\/wp-json\/wp\/v2\/media?parent=12543"}],"wp:term":[{"taxonomy":"category","embeddable":true,"href":"https:\/\/vocesparalelas.com.ar\/sitio\/wp-json\/wp\/v2\/categories?post=12543"},{"taxonomy":"post_tag","embeddable":true,"href":"https:\/\/vocesparalelas.com.ar\/sitio\/wp-json\/wp\/v2\/tags?post=12543"}],"curies":[{"name":"wp","href":"https:\/\/api.w.org\/{rel}","templated":true}]}}