{"id":12325,"date":"2018-06-26T20:57:21","date_gmt":"2018-06-26T23:57:21","guid":{"rendered":"http:\/\/vocesparalelas.com.ar\/sitio\/?p=12325"},"modified":"2018-06-26T23:01:17","modified_gmt":"2018-06-27T02:01:17","slug":"chucho-espectaculo-de-variedades-con-entrada-solidaria","status":"publish","type":"post","link":"https:\/\/vocesparalelas.com.ar\/sitio\/chucho-espectaculo-de-variedades-con-entrada-solidaria\/","title":{"rendered":"\u201cChucho\u201d, espect\u00e1culo de variedades con entrada solidaria"},"content":{"rendered":"<p>El Domingo, 01 de Julio, a las 19:00 hs. en el Centro Cultural Eva Duarte de Per\u00f3n, Benavidez s\/n Rivadavia, se presenta \u201cChucho\u201d, espect\u00e1culo de variedades. Apta para todo p\u00fablico.<\/p>\n<p>En esta ocasi\u00f3n, se presenta a beneficio. Lo recaudado est\u00e1 destinado a ayudar a personas sin techo y de bajos recursos. La entrada es ropa de abrigo o mantas en buen estado. Tambi\u00e9n pueden cooperar con un bono contribuci\u00f3n en caso de no llevar donaci\u00f3n.<\/p>\n<p>Vas a poder disfrutar de danza, teatro, m\u00fasica, sorteos y dem\u00e1s, con artistas como, Marcelo Gallardo, Nicol\u00e1s Rodr\u00edguez, Mayra Vega, Gabriela Vargas, Pato Lucero, Nancy Amato, Teresita Arce, Juliana Magalevsky, Gema Arias, Mar\u00eda Carrizo y Paula Moreno.<\/p>\n<p>Informaci\u00f3n al 2644993018.<\/p>\n","protected":false},"excerpt":{"rendered":"<p>El Domingo, 01 de Julio, a las 19:00 hs. en el Centro Cultural Eva Duarte de Per\u00f3n, Benavidez s\/n Rivadavia,<\/p>\n","protected":false},"author":3,"featured_media":0,"comment_status":"closed","ping_status":"closed","sticky":false,"template":"","format":"standard","meta":{"_acf_changed":false,"_seopress_robots_primary_cat":"","_seopress_titles_title":"","_seopress_titles_desc":"","_seopress_robots_index":"","colormag_page_container_layout":"default_layout","colormag_page_sidebar_layout":"default_layout","footnotes":""},"categories":[20],"tags":[],"class_list":["post-12325","post","type-post","status-publish","format-standard","hentry","category-cartelera"],"acf":[],"_links":{"self":[{"href":"https:\/\/vocesparalelas.com.ar\/sitio\/wp-json\/wp\/v2\/posts\/12325","targetHints":{"allow":["GET"]}}],"collection":[{"href":"https:\/\/vocesparalelas.com.ar\/sitio\/wp-json\/wp\/v2\/posts"}],"about":[{"href":"https:\/\/vocesparalelas.com.ar\/sitio\/wp-json\/wp\/v2\/types\/post"}],"author":[{"embeddable":true,"href":"https:\/\/vocesparalelas.com.ar\/sitio\/wp-json\/wp\/v2\/users\/3"}],"replies":[{"embeddable":true,"href":"https:\/\/vocesparalelas.com.ar\/sitio\/wp-json\/wp\/v2\/comments?post=12325"}],"version-history":[{"count":0,"href":"https:\/\/vocesparalelas.com.ar\/sitio\/wp-json\/wp\/v2\/posts\/12325\/revisions"}],"wp:attachment":[{"href":"https:\/\/vocesparalelas.com.ar\/sitio\/wp-json\/wp\/v2\/media?parent=12325"}],"wp:term":[{"taxonomy":"category","embeddable":true,"href":"https:\/\/vocesparalelas.com.ar\/sitio\/wp-json\/wp\/v2\/categories?post=12325"},{"taxonomy":"post_tag","embeddable":true,"href":"https:\/\/vocesparalelas.com.ar\/sitio\/wp-json\/wp\/v2\/tags?post=12325"}],"curies":[{"name":"wp","href":"https:\/\/api.w.org\/{rel}","templated":true}]}}