{"id":12145,"date":"2018-06-08T17:00:33","date_gmt":"2018-06-08T20:00:33","guid":{"rendered":"http:\/\/vocesparalelas.com.ar\/sitio\/?p=12145"},"modified":"2018-06-08T17:37:46","modified_gmt":"2018-06-08T20:37:46","slug":"cuatro-grandes-exposiciones-de-lujo-se-presentan-en-san-juan","status":"publish","type":"post","link":"https:\/\/vocesparalelas.com.ar\/sitio\/cuatro-grandes-exposiciones-de-lujo-se-presentan-en-san-juan\/","title":{"rendered":"Cuatro grandes exposiciones de lujo se presentan en San Juan"},"content":{"rendered":"<p>El Viernes, 8 de Junio, a las 20:30 hs.; el Museo Provincial de Bellas Artes Franklin Rawson inaugura las nuevas exposiciones, para disfrutar en familia. La entrada es libre y gratuita.<\/p>\n<p>La Directora del Museo Provincial de Bellas Artes Franklin Rawson, Prof. Virginia Agote invita a la comunidad a visitar las muestras y quien describe el nivel de las muestras, de gran nivel de disfrutar.<\/p>\n<p><iframe loading=\"lazy\" width=\"800\" height=\"450\" src=\"https:\/\/www.youtube.com\/embed\/1p44qCmwxFY?start=46&#038;feature=oembed\" frameborder=\"0\" allow=\"autoplay; encrypted-media\" allowfullscreen><\/iframe><\/p>\n<p>&nbsp;<\/p>\n<p>\u201cAlicia Penalba\u201d, \u201cEl hablar de la pintura\u201d, de Vicente Genovese, \u201cPartidas Simult\u00e1neas\u201d, y una producci\u00f3n de artistas visuales sanjuaninas ser\u00e1n las grandes exposiciones que exhiben en el Museo de Bellas Artes Franklin Rawson.<\/p>\n<p>La sala 1 las escultoras m\u00e1s importantes del pa\u00eds. Por primera vez, se presentar\u00e1n las obras de Alicia Penalba en San Juan, con un conjunto de 20 esculturas producidas a lo largo de treinta a\u00f1os de trayectoria. Adem\u00e1s, se exhibir\u00e1n litograf\u00edas, documentaci\u00f3n, fotos e informaci\u00f3n sobre la estancia de la artista en nuestra provincia, durante su adolescencia. Las obras provienen de importantes colecciones privadas y p\u00fablicas de nuestro pa\u00eds.<\/p>\n<p>La sala 2 \u201cPartidas simult\u00e1neas\u201duna muestra realizada por las artistas Alejandra Crescentino, Sabrina Kadiajh, Mariana Mattar y Laura Valdivieso, quienes integran un colectivo de trabajo, utilizando m\u00faltiples medios como la fotograf\u00eda, el video, los textos y los objetos, combinados e interrelacionados por una sensibilidad compartida: despojo, silencio, meticulosidad, sutileza, mensajes solapados. Las cuatro artistas son referentes del arte contempor\u00e1neo en la provincia de Mendoza.<\/p>\n<p>Sala 3 con el objetivo de profundizar y promocionar artistas que forman parte de la colecci\u00f3n, tiene como protagonista al destacado pintor sanjuanino Vicente Genovese, quien integr\u00f3 la comisi\u00f3n del Franklin Rawson. Para eso, se restaur\u00f3 y se puso en valor un cuerpo de m\u00e1s 60 pinturas del artista, producidas entre los a\u00f1os 40 y 60 en su ciudad natal. A su vez, conformar\u00e1n la exposici\u00f3n material bibliogr\u00e1fico, bocetos de obras in\u00e9ditas y documentaci\u00f3n hist\u00f3rica que da cuenta de una \u00e9poca importante en la pintura argentina.<\/p>\n<p>Por \u00faltimo, en el marco de la convocatoria 2017 para artistas visuales de San Juan, se presenta una exposici\u00f3n de las artistas Silvia Bianco, Beatriz Del Bono y Fanny Escolar de Siere, utilizando distintas t\u00e9cnicas: \u00f3leo, mixta y arte digital que, de alguna manera, se re\u00fanen en el filo de la abstracci\u00f3n. Cabe destacar que las exposiciones estar\u00e1n disponibles hasta el Domingo, 29 de Julio.<\/p>\n<p><span style=\"color: #800080\"><strong>Visitas<\/strong><\/span><\/p>\n<p>Los d\u00edas y horarios de visita ser\u00e1n de martes a domingo, de 12 a 20hs, mientras que los lunes el museo permanece cerrado, excepto feriados. El valor de la entrada para adultos es de 30 pesos, jubilados y estudiantes 15 pesos, ni\u00f1os menores de edad gratis. Las visitas guiadas para p\u00fablico en general se realizan a las 18hs.<\/p>\n<p>&nbsp;<\/p>\n<p>&nbsp;<\/p>\n<p>&nbsp;<\/p>\n<p>&nbsp;<\/p>\n<p>&nbsp;<\/p>\n<p>&nbsp;<\/p>\n<p>&nbsp;<\/p>\n<p>&nbsp;<\/p>\n<p>&nbsp;<\/p>\n","protected":false},"excerpt":{"rendered":"<p>El Viernes, 8 de Junio, a las 20:30 hs.; el Museo Provincial de Bellas Artes Franklin Rawson inaugura las nuevas<\/p>\n","protected":false},"author":3,"featured_media":12150,"comment_status":"closed","ping_status":"closed","sticky":false,"template":"","format":"video","meta":{"_acf_changed":false,"_seopress_robots_primary_cat":"","_seopress_titles_title":"","_seopress_titles_desc":"","_seopress_robots_index":"","colormag_page_container_layout":"default_layout","colormag_page_sidebar_layout":"default_layout","footnotes":""},"categories":[1,7],"tags":[],"class_list":["post-12145","post","type-post","status-publish","format-video","has-post-thumbnail","hentry","category-destacadas","category-videos","post_format-post-format-video"],"acf":[],"_links":{"self":[{"href":"https:\/\/vocesparalelas.com.ar\/sitio\/wp-json\/wp\/v2\/posts\/12145","targetHints":{"allow":["GET"]}}],"collection":[{"href":"https:\/\/vocesparalelas.com.ar\/sitio\/wp-json\/wp\/v2\/posts"}],"about":[{"href":"https:\/\/vocesparalelas.com.ar\/sitio\/wp-json\/wp\/v2\/types\/post"}],"author":[{"embeddable":true,"href":"https:\/\/vocesparalelas.com.ar\/sitio\/wp-json\/wp\/v2\/users\/3"}],"replies":[{"embeddable":true,"href":"https:\/\/vocesparalelas.com.ar\/sitio\/wp-json\/wp\/v2\/comments?post=12145"}],"version-history":[{"count":0,"href":"https:\/\/vocesparalelas.com.ar\/sitio\/wp-json\/wp\/v2\/posts\/12145\/revisions"}],"wp:featuredmedia":[{"embeddable":true,"href":"https:\/\/vocesparalelas.com.ar\/sitio\/wp-json\/wp\/v2\/media\/12150"}],"wp:attachment":[{"href":"https:\/\/vocesparalelas.com.ar\/sitio\/wp-json\/wp\/v2\/media?parent=12145"}],"wp:term":[{"taxonomy":"category","embeddable":true,"href":"https:\/\/vocesparalelas.com.ar\/sitio\/wp-json\/wp\/v2\/categories?post=12145"},{"taxonomy":"post_tag","embeddable":true,"href":"https:\/\/vocesparalelas.com.ar\/sitio\/wp-json\/wp\/v2\/tags?post=12145"}],"curies":[{"name":"wp","href":"https:\/\/api.w.org\/{rel}","templated":true}]}}