{"id":12137,"date":"2018-06-07T20:54:23","date_gmt":"2018-06-07T23:54:23","guid":{"rendered":"http:\/\/vocesparalelas.com.ar\/sitio\/?p=12137"},"modified":"2018-06-07T21:01:10","modified_gmt":"2018-06-08T00:01:10","slug":"para-crecer-en-innovacion-y-seguridad-se-incorpora-mas-tecnologia-en-los-vehiculos-de-la-operacion-en-veladero","status":"publish","type":"post","link":"https:\/\/vocesparalelas.com.ar\/sitio\/para-crecer-en-innovacion-y-seguridad-se-incorpora-mas-tecnologia-en-los-vehiculos-de-la-operacion-en-veladero\/","title":{"rendered":"Para crecer en innovaci\u00f3n y seguridad se incorpora m\u00e1s tecnolog\u00eda en los veh\u00edculos de la operaci\u00f3n en Veladero"},"content":{"rendered":"<p class=\"MsoNormal\">Se aplicar\u00e1n sistemas de \u00faltima generaci\u00f3n en materia de control de potenciales incendios, detecci\u00f3n y prevenci\u00f3n de fatiga en operadores, y localizaci\u00f3n de otros equipos cercanos.<\/p>\n<p class=\"MsoNormal\">Con el objetivo en mejorar los est\u00e1ndares de la operaci\u00f3n de Veladero de San Juan, Minera Andina del Sol sum\u00f3 tecnolog\u00eda de \u00faltima generaci\u00f3n a los equipos pesados y livianos a fin de brindar mayor seguridad tanto a los 4.000 trabajadores como al entorno del yacimiento.<\/p>\n<p class=\"MsoNormal\">Como parte del plan estrat\u00e9gico de inversiones, orientado a optimizar el funcionamiento de la operaci\u00f3n a trav\u00e9s del aporte de tecnolog\u00eda e innovaci\u00f3n, la empresa comenz\u00f3 un plan piloto de aplicaci\u00f3n de soluciones de rango internacional, in\u00e9ditas en Argentina, en materia de control de potenciales incendios, detecci\u00f3n y prevenci\u00f3n de fatiga en operadores, y localizaci\u00f3n de otros equipos cercanos para evitar posibles colisiones.<\/p>\n<p class=\"MsoNormal\">\u201cEsto est\u00e1 alineado con la visi\u00f3n de mina digital que tiene la compa\u00f1\u00eda y con una nueva gesti\u00f3n que est\u00e1 trabajando para construir el futuro de la miner\u00eda en San Juan y en el pa\u00eds. Nuestra premisa es incorporar m\u00e1s y mejor tecnolog\u00eda para aumentar la seguridad, ser m\u00e1s eficientes y sin\u00e9rgicos en todas nuestras operaciones\u201d, sostuvo Miguel Mart\u00edn, Gerente de Comunicaciones de Minera Andina del Sol.<\/p>\n<p class=\"MsoNormal\"><b><span style=\"color: #ff0000\">Prevenci\u00f3n de fatiga<\/span><\/b><\/p>\n<p><img loading=\"lazy\" decoding=\"async\" class=\"alignnone size-full wp-image-12134\" src=\"https:\/\/vocesparalelas.com.ar\/sitio\/wp-content\/uploads\/2018\/06\/WhatsApp-Image-2018-06-07-at-20.23.29.jpeg\" alt=\"\" width=\"800\" height=\"600\" srcset=\"https:\/\/vocesparalelas.com.ar\/sitio\/wp-content\/uploads\/2018\/06\/WhatsApp-Image-2018-06-07-at-20.23.29.jpeg 800w, https:\/\/vocesparalelas.com.ar\/sitio\/wp-content\/uploads\/2018\/06\/WhatsApp-Image-2018-06-07-at-20.23.29-300x225.jpeg 300w, https:\/\/vocesparalelas.com.ar\/sitio\/wp-content\/uploads\/2018\/06\/WhatsApp-Image-2018-06-07-at-20.23.29-768x576.jpeg 768w\" sizes=\"auto, (max-width: 800px) 100vw, 800px\" \/><\/p>\n<p class=\"MsoNormal\">Es el sistema de detecci\u00f3n de fatiga la incorporaci\u00f3n m\u00e1s compleja e innovadora que hoy exhibe Veladero.<\/p>\n<p class=\"MsoNormal\">\u201cCon el objetivo de mejorar la seguridad, vimos la experiencia de Caterpillar a nivel mundial que cuenta con 5.000 veh\u00edculos con este sistema. Por eso viajamos a una mina de Codelco, en Chile\u201d, cont\u00f3 Alberto Breden, coordinador de Entrenamiento de Veladero. Y agreg\u00f3: \u201cHoy estamos a punto de comenzar una prueba de 3 meses con cuatro equipos que se van a instalar en camiones fuera de ruta, lo cual acontecer\u00e1 por primera vez en Argentina. La idea es colocarlo en toda la flota de camiones\u201d.<\/p>\n<p class=\"MsoNormal\">Para instalar este sistema se trabaj\u00f3 en conjunto entre la empresa y AOMA, para contribuir a la seguridad de los operadores.<\/p>\n<p class=\"MsoNormal\">El equipo que se instala en el cami\u00f3n cuenta con una central que va en la cabina, una c\u00e1mara, dos sensores infrarrojos, un motor que va debajo del asiento del conductor y una alarma audible que va detr\u00e1s del apoya cabeza.<\/p>\n<p class=\"MsoNormal\">Consiste en una c\u00e1mara que se instala en la cabina del cami\u00f3n y que monitorea al operador de los hombros a la cabeza, durante la jornada, toma datos biom\u00e9tricos y si detecta eventos de micro sue\u00f1o o distracci\u00f3n env\u00eda la alerta a un centro de monitoreo que tiene Caterpillar en EE.UU. Sin ser invasivo, los especialistas lo analizan y si detectan que es un caso real de fatiga avisan a la Sala de control de operaci\u00f3n de Veladero para que el supervisor se comunique con ese operador. Ese aviso se hace en 2 minutos desde la detecci\u00f3n, para ello hemos elaborado un protocolo que establece los pasos a seguir, tiempos y responsables.<\/p>\n<p class=\"MsoNormal\">Este sistema, adem\u00e1s, permite detectar eventos en 3 niveles de criticidad y cuenta con un GPS que establece cu\u00e1les son los tramos geogr\u00e1ficos de la operaci\u00f3n donde se producen estos episodios, para trabajar la prevenci\u00f3n.<\/p>\n<p class=\"MsoNormal\"><b><span style=\"color: #ff0000\">Sistemas anti incendios<\/span><\/b><\/p>\n<p class=\"MsoNormal\">Este sistema denominado Ansul, instalado en palas, perforadoras, camiones fuera de ruta y equipos de soporte, permite contar entre otros beneficios, con mayor capacidad de sofocaci\u00f3n; enfriamiento m\u00e1s r\u00e1pido de las partes recalentadas; corte el ox\u00edgeno para evitar fogonazos; detecci\u00f3n dual (cable infrarrojo y sensor de temperatura); sistema llamado check fire que incluye la supervisi\u00f3n del sistema de circuitos, adem\u00e1s de una fuerte protecci\u00f3n anti congelante.<\/p>\n<p class=\"MsoNormal\">\u201cEstamos revolucionando Veladero introduciendo esta soluci\u00f3n vanguardista en nuestros equipos\u201d, coment\u00f3 Carlos Cabanillas, Gerente de Operaciones Mina de Veladero.<\/p>\n<p class=\"MsoNormal\"><b><span style=\"color: #ff0000\">Sistema anti colisi\u00f3n<\/span><\/b><\/p>\n<p><img loading=\"lazy\" decoding=\"async\" class=\"alignnone size-full wp-image-12135\" src=\"https:\/\/vocesparalelas.com.ar\/sitio\/wp-content\/uploads\/2018\/06\/WhatsApp-Image-2018-06-07-at-20.23.28.jpeg\" alt=\"\" width=\"800\" height=\"600\" srcset=\"https:\/\/vocesparalelas.com.ar\/sitio\/wp-content\/uploads\/2018\/06\/WhatsApp-Image-2018-06-07-at-20.23.28.jpeg 800w, https:\/\/vocesparalelas.com.ar\/sitio\/wp-content\/uploads\/2018\/06\/WhatsApp-Image-2018-06-07-at-20.23.28-300x225.jpeg 300w, https:\/\/vocesparalelas.com.ar\/sitio\/wp-content\/uploads\/2018\/06\/WhatsApp-Image-2018-06-07-at-20.23.28-768x576.jpeg 768w\" sizes=\"auto, (max-width: 800px) 100vw, 800px\" \/><\/p>\n<p class=\"MsoNormal\">Otra incorporaci\u00f3n destacada es el sistema anti colisi\u00f3n. Se trata de un equipo similar al de un radar con GPS que alerta sobre la proximidad de otro equipo pesado, camioneta o incluso personas que est\u00e9n trabajando en el campo, a fin de disminuir los riesgos por colisiones.<\/p>\n<p class=\"MsoNormal\">El sistema instalado en cada veh\u00edculo cuenta con un emisor y receptor, un radar, una pantalla y antenas que permiten detectar la cercan\u00eda de otro equipo y enviar una se\u00f1al de alerta para que ambos conozcan la proximidad y ubicaci\u00f3n del otro. Lo mismo sucede con los sistemas port\u00e1tiles para trabajadores que est\u00e1n en campo.<\/p>\n<p>&nbsp;<\/p>\n<p>&nbsp;<\/p>\n","protected":false},"excerpt":{"rendered":"<p>Se aplicar\u00e1n sistemas de \u00faltima generaci\u00f3n en materia de control de potenciales incendios, detecci\u00f3n y prevenci\u00f3n de fatiga en operadores,<\/p>\n","protected":false},"author":3,"featured_media":12133,"comment_status":"closed","ping_status":"closed","sticky":false,"template":"","format":"standard","meta":{"_acf_changed":false,"_seopress_robots_primary_cat":"","_seopress_titles_title":"","_seopress_titles_desc":"","_seopress_robots_index":"","colormag_page_container_layout":"default_layout","colormag_page_sidebar_layout":"default_layout","footnotes":""},"categories":[1],"tags":[],"class_list":["post-12137","post","type-post","status-publish","format-standard","has-post-thumbnail","hentry","category-destacadas"],"acf":[],"_links":{"self":[{"href":"https:\/\/vocesparalelas.com.ar\/sitio\/wp-json\/wp\/v2\/posts\/12137","targetHints":{"allow":["GET"]}}],"collection":[{"href":"https:\/\/vocesparalelas.com.ar\/sitio\/wp-json\/wp\/v2\/posts"}],"about":[{"href":"https:\/\/vocesparalelas.com.ar\/sitio\/wp-json\/wp\/v2\/types\/post"}],"author":[{"embeddable":true,"href":"https:\/\/vocesparalelas.com.ar\/sitio\/wp-json\/wp\/v2\/users\/3"}],"replies":[{"embeddable":true,"href":"https:\/\/vocesparalelas.com.ar\/sitio\/wp-json\/wp\/v2\/comments?post=12137"}],"version-history":[{"count":0,"href":"https:\/\/vocesparalelas.com.ar\/sitio\/wp-json\/wp\/v2\/posts\/12137\/revisions"}],"wp:featuredmedia":[{"embeddable":true,"href":"https:\/\/vocesparalelas.com.ar\/sitio\/wp-json\/wp\/v2\/media\/12133"}],"wp:attachment":[{"href":"https:\/\/vocesparalelas.com.ar\/sitio\/wp-json\/wp\/v2\/media?parent=12137"}],"wp:term":[{"taxonomy":"category","embeddable":true,"href":"https:\/\/vocesparalelas.com.ar\/sitio\/wp-json\/wp\/v2\/categories?post=12137"},{"taxonomy":"post_tag","embeddable":true,"href":"https:\/\/vocesparalelas.com.ar\/sitio\/wp-json\/wp\/v2\/tags?post=12137"}],"curies":[{"name":"wp","href":"https:\/\/api.w.org\/{rel}","templated":true}]}}