{"id":12126,"date":"2018-06-07T19:50:55","date_gmt":"2018-06-07T22:50:55","guid":{"rendered":"http:\/\/vocesparalelas.com.ar\/sitio\/?p=12126"},"modified":"2018-06-07T19:53:15","modified_gmt":"2018-06-07T22:53:15","slug":"reunion-de-la-comision-de-libertad-de-expresion","status":"publish","type":"post","link":"https:\/\/vocesparalelas.com.ar\/sitio\/reunion-de-la-comision-de-libertad-de-expresion\/","title":{"rendered":"Reuni\u00f3n de la Comisi\u00f3n de Libertad de Expresi\u00f3n"},"content":{"rendered":"<p>Hoy 7 de junio, en el marco del D\u00eda del Periodista, se reuni\u00f3 la Comisi\u00f3n de Libertad de Expresi\u00f3n de la C\u00e1mara de Diputados de la Naci\u00f3n, de la cual la Diputada Nacional por San Juan, Daniela Castro es vocal.<\/p>\n<p>Fueron recibidos integrantes del Sindicato Argentino de Televisi\u00f3n; del Sindicato de Prensa de Buenos Aires \u2013 SIPREBA -; de la Asociaci\u00f3n de Prensa de Santa Fe; del C\u00edrculo Sindical de la Prensa y la Comunicaci\u00f3n de C\u00f3rdoba; del Sindicato de Prensa de Rosario; de la Asociaci\u00f3n de Prensa de Tucum\u00e1n; trabajadores en conflicto de LT3 Rosario y LV12 Tucum\u00e1n; delegados del SIPREBA en T\u00e9lam, Canal 7-TVP, Radio Del Plata y \u00c1mbito Financiero.<\/p>\n<p><img loading=\"lazy\" decoding=\"async\" class=\"alignnone size-full wp-image-12127\" src=\"https:\/\/vocesparalelas.com.ar\/sitio\/wp-content\/uploads\/2018\/06\/CASTRO-01.jpg\" alt=\"\" width=\"1024\" height=\"682\" srcset=\"https:\/\/vocesparalelas.com.ar\/sitio\/wp-content\/uploads\/2018\/06\/CASTRO-01.jpg 1024w, https:\/\/vocesparalelas.com.ar\/sitio\/wp-content\/uploads\/2018\/06\/CASTRO-01-300x200.jpg 300w, https:\/\/vocesparalelas.com.ar\/sitio\/wp-content\/uploads\/2018\/06\/CASTRO-01-768x512.jpg 768w, https:\/\/vocesparalelas.com.ar\/sitio\/wp-content\/uploads\/2018\/06\/CASTRO-01-800x533.jpg 800w\" sizes=\"auto, (max-width: 1024px) 100vw, 1024px\" \/><\/p>\n<p>Los asistentes a la reuni\u00f3n de comisi\u00f3n informaron acerca de la dif\u00edcil situaci\u00f3n que atraviesan periodistas en diferentes medios de comunicaci\u00f3n de todo el pa\u00eds, como es el caso de los medios p\u00fablicos y los comunitarios.<\/p>\n<p>En su intervenci\u00f3n, Daniela Castro dijo que \u201cel ejercicio del periodismo y su pluralidad de voces e ideas son garant\u00edas de Democracia. En este d\u00eda de conmemoraci\u00f3n, me sumo a la lucha por la pluralidad de voces y la libertad de expresi\u00f3n, pilares para la democracia. En una Argentina en crisis, en la que tristemente hemos visto la represi\u00f3n a periodistas y un nuevo proceso de monopolizaci\u00f3n y concentraci\u00f3n en grandes medios, renuevo mi compromiso de trabajo junto a ustedes\u201d.<\/p>\n<p>&nbsp;<\/p>\n<p>&nbsp;<\/p>\n<p>&nbsp;<\/p>\n<p>&nbsp;<\/p>\n<p>&nbsp;<\/p>\n","protected":false},"excerpt":{"rendered":"<p>Hoy 7 de junio, en el marco del D\u00eda del Periodista, se reuni\u00f3 la Comisi\u00f3n de Libertad de Expresi\u00f3n de<\/p>\n","protected":false},"author":3,"featured_media":12128,"comment_status":"closed","ping_status":"closed","sticky":false,"template":"","format":"standard","meta":{"_acf_changed":false,"_seopress_robots_primary_cat":"","_seopress_titles_title":"","_seopress_titles_desc":"","_seopress_robots_index":"","colormag_page_container_layout":"default_layout","colormag_page_sidebar_layout":"default_layout","footnotes":""},"categories":[1],"tags":[],"class_list":["post-12126","post","type-post","status-publish","format-standard","has-post-thumbnail","hentry","category-destacadas"],"acf":[],"_links":{"self":[{"href":"https:\/\/vocesparalelas.com.ar\/sitio\/wp-json\/wp\/v2\/posts\/12126","targetHints":{"allow":["GET"]}}],"collection":[{"href":"https:\/\/vocesparalelas.com.ar\/sitio\/wp-json\/wp\/v2\/posts"}],"about":[{"href":"https:\/\/vocesparalelas.com.ar\/sitio\/wp-json\/wp\/v2\/types\/post"}],"author":[{"embeddable":true,"href":"https:\/\/vocesparalelas.com.ar\/sitio\/wp-json\/wp\/v2\/users\/3"}],"replies":[{"embeddable":true,"href":"https:\/\/vocesparalelas.com.ar\/sitio\/wp-json\/wp\/v2\/comments?post=12126"}],"version-history":[{"count":0,"href":"https:\/\/vocesparalelas.com.ar\/sitio\/wp-json\/wp\/v2\/posts\/12126\/revisions"}],"wp:featuredmedia":[{"embeddable":true,"href":"https:\/\/vocesparalelas.com.ar\/sitio\/wp-json\/wp\/v2\/media\/12128"}],"wp:attachment":[{"href":"https:\/\/vocesparalelas.com.ar\/sitio\/wp-json\/wp\/v2\/media?parent=12126"}],"wp:term":[{"taxonomy":"category","embeddable":true,"href":"https:\/\/vocesparalelas.com.ar\/sitio\/wp-json\/wp\/v2\/categories?post=12126"},{"taxonomy":"post_tag","embeddable":true,"href":"https:\/\/vocesparalelas.com.ar\/sitio\/wp-json\/wp\/v2\/tags?post=12126"}],"curies":[{"name":"wp","href":"https:\/\/api.w.org\/{rel}","templated":true}]}}