{"id":102798,"date":"2026-09-05T20:14:57","date_gmt":"2026-09-05T23:14:57","guid":{"rendered":"https:\/\/vocesparalelas.com.ar\/sitio\/?p=102798"},"modified":"2026-09-05T20:14:57","modified_gmt":"2026-09-05T23:14:57","slug":"el-cuidado-de-la-casa-de-todos","status":"publish","type":"post","link":"https:\/\/vocesparalelas.com.ar\/sitio\/el-cuidado-de-la-casa-de-todos\/","title":{"rendered":"El cuidado de la casa de todos"},"content":{"rendered":"<p>Por el Arzobispo de San Juan de Cuyo, Monse\u00f1or Jorge Lozano<\/p>\n<p>La casa de todos es mucho m\u00e1s que el lugar donde habitamos. Es el planeta que compartimos, el suelo que nos sostiene, el aire que respiramos, el agua que necesitamos y la red de relaciones que hace posible nuestra vida en com\u00fan. Cuidarla no es una tarea reservada a especialistas ni una preocupaci\u00f3n secundaria frente a otros problemas: es una responsabilidad \u00e9tica, religiosa, social y pol\u00edtica que compromete a cada persona, a cada comunidad y a cada instituci\u00f3n.<\/p>\n<p>Sin embargo, muchas veces tratamos nuestra casa com\u00fan como si fuera un dep\u00f3sito de basura. Arrojamos residuos, contaminamos r\u00edos y mares, destruimos bosques, agotamos los recursos naturales y dejamos que los desechos se acumulen en los lugares donde viven, trabajan y crecen millones de personas. En lugar de contemplar la Tierra como un jard\u00edn que debemos cultivar, la convertimos en un espacio de descarte. Esta actitud revela una profunda crisis de mirada: dejamos de reconocernos como parte de la naturaleza y comenzamos a comportarnos como si todo estuviera disponible para nuestro consumo ilimitado.<\/p>\n<p>La imagen de un jard\u00edn ayuda a comprender la tarea que tenemos por delante. Es un espacio que necesita cuidado, paciencia, atenci\u00f3n y colaboraci\u00f3n. No crece \u00fanicamente porque se planten semillas; requiere agua, protecci\u00f3n, tiempo y trabajo constante. Del mismo modo, una sociedad justa y un ambiente saludable no surgen de manera autom\u00e1tica. Se construyen mediante decisiones responsables, h\u00e1bitos solidarios y pol\u00edticas que pongan la vida en el centro.<\/p>\n<p>Los desiertos geogr\u00e1ficos pueden expandirse cuando se destruyen los ecosistemas, se sobreexplotan los suelos o se altera el equilibrio del clima. Los desiertos interiores crecen cuando aceptamos como inevitable la exclusi\u00f3n, la pobreza y la destrucci\u00f3n de la naturaleza. Ambos procesos est\u00e1n relacionados. All\u00ed donde se degrada el ambiente, suelen agravarse las desigualdades; y all\u00ed donde se desprecia la dignidad humana, tambi\u00e9n se vuelve m\u00e1s f\u00e1cil destruir el territorio que esa comunidad habita. Son expresiones de una aridez que no es \u00fanicamente ambiental: tambi\u00e9n es humana.<\/p>\n<p>El lunes 31 de agosto pasado la Comisi\u00f3n Episcopal de Pastoral Social dio a conocer un comunicado titulado: \u201cTiempo del Cuidado de la Creaci\u00f3n: Desiertos que llegan a la ciudad\u201d. Te invito a buscarlo y leerlo. En uno de<\/p>\n<p>sus p\u00e1rrafos expresa: \u201cLos desiertos no son solamente realidades geogr\u00e1ficas; tambi\u00e9n existen \u2018desiertos interiores\u2019, espacios de vac\u00edo y soledad en el coraz\u00f3n humano. La degradaci\u00f3n ambiental puede ser expresi\u00f3n de una crisis espiritual, de una desconexi\u00f3n profunda con el sentido de la vida y con el v\u00ednculo que nos une al Creador. As\u00ed como es necesario restaurar los ecosistemas, tambi\u00e9n necesitamos sanar nuestra aridez existencial, recuperando la esperanza, la solidaridad y el compromiso con el cuidado del ambiente\u201d.<\/p>\n<p>Una de las principales dificultades para cuidar la casa de todos es la vigencia de un paradigma tecnocr\u00e1tico que coloca en el centro el lucro y la eficiencia por encima de la persona humana y del bien de los pueblos. La tecnolog\u00eda y la eficiencia pueden ser herramientas valiosas, pero se vuelven peligrosas cuando dejan de estar al servicio de la vida y pasan a ser consideradas fines absolutos.<\/p>\n<p>Desde esta l\u00f3gica, todo tiende a medirse seg\u00fan su rentabilidad, su velocidad o su capacidad de producir beneficios. Un bosque aparece como madera disponible; un r\u00edo, como una fuente de energ\u00eda o un recurso econ\u00f3mico; un suelo f\u00e9rtil, como una superficie para explotar; una persona, como una pieza de un sistema productivo. Lo que no genera ganancias inmediatas parece carecer de valor. As\u00ed, se relegan las necesidades de quienes tienen menos recursos y se posterga el cuidado de las generaciones futuras.<\/p>\n<p>Una econom\u00eda que produce riqueza mientras destruye el ambiente, enferma a las comunidades o expulsa a quienes habitan un territorio no puede considerarse plenamente humana.<\/p>\n<p>\u201cCuidemos el planeta. No tenemos otro\u201d.<\/p>\n<p><iframe loading=\"lazy\" title=\"SAN JUAN MONSE\u00d1OR JORGE LOZANO \" width=\"800\" height=\"450\" src=\"https:\/\/www.youtube.com\/embed\/TXGqGUwz6tU?feature=oembed\" frameborder=\"0\" allow=\"accelerometer; autoplay; clipboard-write; encrypted-media; gyroscope; picture-in-picture; web-share\" referrerpolicy=\"strict-origin-when-cross-origin\" allowfullscreen><\/iframe><\/p>\n<p>&nbsp;<\/p>\n<p><img loading=\"lazy\" decoding=\"async\" class=\"alignnone size-full wp-image-61416\" src=\"https:\/\/vocesparalelas.com.ar\/sitio\/wp-content\/uploads\/2023\/07\/ARZOBISPADO-EDIFICIO.jpg\" alt=\"\" width=\"800\" height=\"600\" srcset=\"https:\/\/vocesparalelas.com.ar\/sitio\/wp-content\/uploads\/2023\/07\/ARZOBISPADO-EDIFICIO.jpg 800w, https:\/\/vocesparalelas.com.ar\/sitio\/wp-content\/uploads\/2023\/07\/ARZOBISPADO-EDIFICIO-300x225.jpg 300w, https:\/\/vocesparalelas.com.ar\/sitio\/wp-content\/uploads\/2023\/07\/ARZOBISPADO-EDIFICIO-768x576.jpg 768w\" sizes=\"auto, (max-width: 800px) 100vw, 800px\" \/><\/p>\n","protected":false},"excerpt":{"rendered":"<p>Por el Arzobispo de San Juan de Cuyo, Monse\u00f1or Jorge Lozano La casa de todos es mucho m\u00e1s que el<\/p>\n","protected":false},"author":3,"featured_media":81112,"comment_status":"closed","ping_status":"closed","sticky":false,"template":"","format":"standard","meta":{"_acf_changed":false,"_seopress_titles_title":"","_seopress_titles_desc":"","_seopress_robots_index":"","_seopress_robots_follow":"","_seopress_robots_imageindex":"","_seopress_robots_snippet":"","_seopress_robots_primary_cat":"","_seopress_robots_breadcrumbs":"","_seopress_robots_freeze_modified_date":"","_seopress_robots_custom_modified_date":"","_seopress_robots_canonical":"","_seopress_social_fb_title":"","_seopress_social_fb_desc":"","_seopress_social_fb_img":"","_seopress_social_fb_img_attachment_id":0,"_seopress_social_fb_img_width":0,"_seopress_social_fb_img_height":0,"_seopress_social_twitter_title":"","_seopress_social_twitter_desc":"","_seopress_social_twitter_img":"","_seopress_social_twitter_img_attachment_id":0,"_seopress_social_twitter_img_width":0,"_seopress_social_twitter_img_height":0,"_seopress_redirections_value":"","_seopress_redirections_enabled":"","_seopress_redirections_enabled_regex":"","_seopress_redirections_logged_status":"","_seopress_redirections_param":"","_seopress_redirections_type":0,"_seopress_analysis_target_kw":"","colormag_page_container_layout":"default_layout","colormag_page_sidebar_layout":"default_layout","footnotes":""},"categories":[1,7],"tags":[],"class_list":["post-102798","post","type-post","status-publish","format-standard","has-post-thumbnail","hentry","category-destacadas","category-videos"],"acf":[],"_links":{"self":[{"href":"https:\/\/vocesparalelas.com.ar\/sitio\/wp-json\/wp\/v2\/posts\/102798","targetHints":{"allow":["GET"]}}],"collection":[{"href":"https:\/\/vocesparalelas.com.ar\/sitio\/wp-json\/wp\/v2\/posts"}],"about":[{"href":"https:\/\/vocesparalelas.com.ar\/sitio\/wp-json\/wp\/v2\/types\/post"}],"author":[{"embeddable":true,"href":"https:\/\/vocesparalelas.com.ar\/sitio\/wp-json\/wp\/v2\/users\/3"}],"replies":[{"embeddable":true,"href":"https:\/\/vocesparalelas.com.ar\/sitio\/wp-json\/wp\/v2\/comments?post=102798"}],"version-history":[{"count":1,"href":"https:\/\/vocesparalelas.com.ar\/sitio\/wp-json\/wp\/v2\/posts\/102798\/revisions"}],"predecessor-version":[{"id":102799,"href":"https:\/\/vocesparalelas.com.ar\/sitio\/wp-json\/wp\/v2\/posts\/102798\/revisions\/102799"}],"wp:featuredmedia":[{"embeddable":true,"href":"https:\/\/vocesparalelas.com.ar\/sitio\/wp-json\/wp\/v2\/media\/81112"}],"wp:attachment":[{"href":"https:\/\/vocesparalelas.com.ar\/sitio\/wp-json\/wp\/v2\/media?parent=102798"}],"wp:term":[{"taxonomy":"category","embeddable":true,"href":"https:\/\/vocesparalelas.com.ar\/sitio\/wp-json\/wp\/v2\/categories?post=102798"},{"taxonomy":"post_tag","embeddable":true,"href":"https:\/\/vocesparalelas.com.ar\/sitio\/wp-json\/wp\/v2\/tags?post=102798"}],"curies":[{"name":"wp","href":"https:\/\/api.w.org\/{rel}","templated":true}]}}