{"id":102796,"date":"2026-09-05T12:30:06","date_gmt":"2026-09-05T15:30:06","guid":{"rendered":"https:\/\/vocesparalelas.com.ar\/sitio\/?p=102796"},"modified":"2026-09-05T22:27:13","modified_gmt":"2026-09-06T01:27:13","slug":"convocatoria-de-san-juan-para-participar-del-pre-laborde-2027","status":"publish","type":"post","link":"https:\/\/vocesparalelas.com.ar\/sitio\/convocatoria-de-san-juan-para-participar-del-pre-laborde-2027\/","title":{"rendered":"Convocatoria de San Juan para participar del Pre Laborde 2027"},"content":{"rendered":"<p>El Ministerio de Turismo, Cultura y Deporte del Gobierno de San Juan, a trav\u00e9s de la Secretar\u00eda de Cultura y la Direcci\u00f3n de Artes Esc\u00e9nicas, abri\u00f3 la convocatoria para participar del Pre Laborde 2027, instancia provincial de selecci\u00f3n para el Festival Nacional del Malambo.<\/p>\n<p>El encuentro se realiza el Viernes, 2 de Octubre, a partir de las 17, en el Comedor Juan Guti\u00e9rrez del Complejo Universitario Islas Malvinas en el CUIM de la Universidad Nacional de San Juan, Meglioli -S &#8211; 885. La actividad tiene entrada libre y gratuita.<\/p>\n<p>El Pre Laborde re\u00fane a representantes de la danza y la m\u00fasica folkl\u00f3rica de la provincia que buscan formar parte de la delegaci\u00f3n de San Juan en la edici\u00f3n del reconocido festival nacional.<\/p>\n<p>El Festival Nacional del Malambo constituye uno de los encuentros folkl\u00f3ricos de referencia del pa\u00eds y tiene entre sus objetivos la revalorizaci\u00f3n y difusi\u00f3n de las manifestaciones de la cultura nacional, sus danzas, su cancionero y sus costumbres. Adem\u00e1s, ocupa un lugar central en la preservaci\u00f3n y promoci\u00f3n del malambo y de sus diferentes estilos tradicionales.<\/p>\n<p>Las personas interesadas en participar del selectivo provincial puede inscribirse hasta el Viernes, 18 de Septiembre, a trav\u00e9s del formulario online habilitado por la organizaci\u00f3n Inscripci\u00f3n Pre Laborde 2027<\/p>\n<p>Para consultas sobre la convocatoria y las inscripciones estar\u00e1 disponible el WhatsApp 264 6272246.<\/p>\n<p>La actividad se extiende durante la tarde y la noche, de acuerdo con la cantidad de participantes inscriptos en los diferentes rubros en competencia.<\/p>\n<p>El Pre Laborde 2027 es organizado por la Direcci\u00f3n de Artes Esc\u00e9nicas, dependiente de la Secretar\u00eda de Cultura del Ministerio de Turismo, Cultura y Deporte.<\/p>\n<p>Para mayor informaci\u00f3n tambi\u00e9n se encuentra disponible el correo\u00a0<span id=\"cloak7ef796584aa092f2ca4404c04d72c464\"><a href=\"mailto:artesescenicassanjuan@gmail.com\">artesescenicassanjuan@gmail.com<\/a><\/span><\/p>\n<p>&nbsp;<\/p>\n<p><img loading=\"lazy\" decoding=\"async\" class=\"alignnone size-full wp-image-65642\" src=\"https:\/\/vocesparalelas.com.ar\/sitio\/wp-content\/uploads\/2023\/11\/GOBIERNO-SAN-JUAN.jpg\" alt=\"\" width=\"800\" height=\"600\" srcset=\"https:\/\/vocesparalelas.com.ar\/sitio\/wp-content\/uploads\/2023\/11\/GOBIERNO-SAN-JUAN.jpg 800w, https:\/\/vocesparalelas.com.ar\/sitio\/wp-content\/uploads\/2023\/11\/GOBIERNO-SAN-JUAN-300x225.jpg 300w, https:\/\/vocesparalelas.com.ar\/sitio\/wp-content\/uploads\/2023\/11\/GOBIERNO-SAN-JUAN-768x576.jpg 768w\" sizes=\"auto, (max-width: 800px) 100vw, 800px\" \/><\/p>\n","protected":false},"excerpt":{"rendered":"<p>El Ministerio de Turismo, Cultura y Deporte del Gobierno de San Juan, a trav\u00e9s de la Secretar\u00eda de Cultura y<\/p>\n","protected":false},"author":3,"featured_media":95938,"comment_status":"closed","ping_status":"closed","sticky":false,"template":"","format":"standard","meta":{"_acf_changed":false,"_seopress_titles_title":"","_seopress_titles_desc":"","_seopress_robots_index":"","_seopress_robots_follow":"","_seopress_robots_imageindex":"","_seopress_robots_snippet":"","_seopress_robots_primary_cat":"","_seopress_robots_breadcrumbs":"","_seopress_robots_freeze_modified_date":"","_seopress_robots_custom_modified_date":"","_seopress_robots_canonical":"","_seopress_social_fb_title":"","_seopress_social_fb_desc":"","_seopress_social_fb_img":"","_seopress_social_fb_img_attachment_id":0,"_seopress_social_fb_img_width":0,"_seopress_social_fb_img_height":0,"_seopress_social_twitter_title":"","_seopress_social_twitter_desc":"","_seopress_social_twitter_img":"","_seopress_social_twitter_img_attachment_id":0,"_seopress_social_twitter_img_width":0,"_seopress_social_twitter_img_height":0,"_seopress_redirections_value":"","_seopress_redirections_enabled":"","_seopress_redirections_enabled_regex":"","_seopress_redirections_logged_status":"","_seopress_redirections_param":"","_seopress_redirections_type":0,"_seopress_analysis_target_kw":"","colormag_page_container_layout":"default_layout","colormag_page_sidebar_layout":"default_layout","footnotes":""},"categories":[1],"tags":[],"class_list":["post-102796","post","type-post","status-publish","format-standard","has-post-thumbnail","hentry","category-destacadas"],"acf":[],"_links":{"self":[{"href":"https:\/\/vocesparalelas.com.ar\/sitio\/wp-json\/wp\/v2\/posts\/102796","targetHints":{"allow":["GET"]}}],"collection":[{"href":"https:\/\/vocesparalelas.com.ar\/sitio\/wp-json\/wp\/v2\/posts"}],"about":[{"href":"https:\/\/vocesparalelas.com.ar\/sitio\/wp-json\/wp\/v2\/types\/post"}],"author":[{"embeddable":true,"href":"https:\/\/vocesparalelas.com.ar\/sitio\/wp-json\/wp\/v2\/users\/3"}],"replies":[{"embeddable":true,"href":"https:\/\/vocesparalelas.com.ar\/sitio\/wp-json\/wp\/v2\/comments?post=102796"}],"version-history":[{"count":1,"href":"https:\/\/vocesparalelas.com.ar\/sitio\/wp-json\/wp\/v2\/posts\/102796\/revisions"}],"predecessor-version":[{"id":102797,"href":"https:\/\/vocesparalelas.com.ar\/sitio\/wp-json\/wp\/v2\/posts\/102796\/revisions\/102797"}],"wp:featuredmedia":[{"embeddable":true,"href":"https:\/\/vocesparalelas.com.ar\/sitio\/wp-json\/wp\/v2\/media\/95938"}],"wp:attachment":[{"href":"https:\/\/vocesparalelas.com.ar\/sitio\/wp-json\/wp\/v2\/media?parent=102796"}],"wp:term":[{"taxonomy":"category","embeddable":true,"href":"https:\/\/vocesparalelas.com.ar\/sitio\/wp-json\/wp\/v2\/categories?post=102796"},{"taxonomy":"post_tag","embeddable":true,"href":"https:\/\/vocesparalelas.com.ar\/sitio\/wp-json\/wp\/v2\/tags?post=102796"}],"curies":[{"name":"wp","href":"https:\/\/api.w.org\/{rel}","templated":true}]}}