{"id":102788,"date":"2026-09-04T21:43:44","date_gmt":"2026-09-05T00:43:44","guid":{"rendered":"https:\/\/vocesparalelas.com.ar\/sitio\/?p=102788"},"modified":"2026-09-04T21:44:13","modified_gmt":"2026-09-05T00:44:13","slug":"ganadores-del-xv-encuentro-olivicola-internacional-argoliva-2026-en-san-juan","status":"publish","type":"post","link":"https:\/\/vocesparalelas.com.ar\/sitio\/ganadores-del-xv-encuentro-olivicola-internacional-argoliva-2026-en-san-juan\/","title":{"rendered":"Ganadores del XV Encuentro Oliv\u00edcola Internacional ArgOliva 2026 en San Juan"},"content":{"rendered":"<p>El Jueves, 3 de Septiembre se desarroll\u00f3 la Gala de Premiaci\u00f3n del IV Concurso Nacional a la Calidad de Aceites de Oliva Virgen Extra y del XIV Concurso Internacional de Aceites de Oliva Virgen Extra. Con la participaci\u00f3n de funcionarios provinciales y nacionales, en el Sal\u00f3n Cruce de los Andes la Gala de Premiaci\u00f3n del XV Encuentro Oliv\u00edcola Internacional ArgOliva 2026.<\/p>\n<p><span style=\"color: #99cc00;\"><strong>Categor\u00eda Grandes Productores<\/strong><\/span><\/p>\n<ul>\n<li><span style=\"color: #99cc00;\"><strong>Grupo I: Frutados Verdes amargos \/ picantes intensos<\/strong><\/span>\n<ul>\n<li>1\u00b0 Puesto: \u201cEl Mistol Premium\u201d, de la empresa Agropecuaria El Mistol SA (San Juan, Argentina).<\/li>\n<\/ul>\n<\/li>\n<li><span style=\"color: #99cc00;\"><strong>Grupo II: Frutados Verdes amargos \/ picantes medios<\/strong><\/span>\n<ul>\n<li>1\u00b0 Puesto: \u201cAlambara Don Bosco\u201d de la empresa Inspectoria Salesiana Argentina Norte Beato Artemides Zatti (Mendoza, Argentina).<\/li>\n<li>2\u00b0 Puesto: \u201cFamilia Saleme\u201d de la empresa Oliv\u00edcola Pedernal SA (San Juan, Argentina).<\/li>\n<\/ul>\n<\/li>\n<li><span style=\"color: #99cc00;\"><strong>Grupo III. Frutados Verdes amargos \/ picantes ligeros<\/strong><\/span>\n<ul>\n<li>1\u00b0 Puesto: \u201cNucete Suave\u201d, de la empresa Agro Aceitunera S.A. (<strong>S<\/strong>an Juan, Argentina).<\/li>\n<\/ul>\n<\/li>\n<li><span style=\"color: #99cc00;\"><strong>Grupo IV: Frutados Maduros \/ dulces<\/strong><\/span>\n<ul>\n<li>1\u00b0 Puesto: \u201cSeis Mar\u00edas\u201d, de la empresa Integraci\u00f3n Regional &#8211; Seis Mar\u00edas (San Juan, Argentina).<\/li>\n<\/ul>\n<\/li>\n<\/ul>\n<p><span style=\"color: #99cc00;\"><strong>Categor\u00eda Peque\u00f1os Productores<\/strong><\/span><\/p>\n<ul>\n<li><span style=\"color: #99cc00;\"><strong>Grupo II: Frutados Verdes amargos \/ picantes medios<\/strong><\/span>\n<ul>\n<li>1\u00b0 Puesto: \u201cNobles Caciques\u201d de la empresa Fercom Argentina SRL (Buenos Aires, Argentina).<\/li>\n<\/ul>\n<\/li>\n<\/ul>\n<p>En el\u00a0XIV Concurso Internacional de Aceites de Oliva Virgen Extra, los ganadores del Premio Domingo Faustino Sarmiento fueron los siguientes en cada categor\u00eda:<\/p>\n<p><span style=\"color: #99cc00;\"><strong>Categor\u00eda Grandes Productores<\/strong><\/span><\/p>\n<ul>\n<li><span style=\"color: #99cc00;\"><strong>Grupo I: Frutados Verdes amargos \/ picantes intensos<\/strong><\/span>\n<ul>\n<li>1\u00b0 Puesto: \u201cAzeite Sabi\u00e1\u201d, de la empresa Fazendas do Azeite Sabi\u00e1 (Rio Grande do Sul, Brasil).<\/li>\n<li>1\u00b0 Puesto: \u201cKnolive Epicure\u201d, de la empresa Knolive Oils S.L. (C\u00f3rdoba, Espa\u00f1a).<\/li>\n<li>2\u00b0 Puesto: \u201cEl Empiedro (DOP Priego de C\u00f3rdoba)\u201d, de la empresa SCA. Olivarera La Pur\u00edsima (Priego de C\u00f3rdoba, Espa\u00f1a).<\/li>\n<li>3\u00b0 Puesto: \u201cSelecci\u00f3n Limitada &#8211; Olivares de Santa Laura\u201d, de la empresa Tebalsur SA (Cerro Largo, Uruguay).<\/li>\n<li>1\u00b0 Menci\u00f3n: \u201cSierra Pura\u201d, de la empresa Sierra Pura (C\u00f3rdoba, Argentina).<\/li>\n<\/ul>\n<\/li>\n<li><span style=\"color: #99cc00;\"><strong>Grupo II: Frutados Verdes amargos \/ picantes medios<\/strong><\/span>\n<ul>\n<li>1\u00b0 Puesto: \u201cAzeite Sabi\u00e1\u201d, de la empresa Fazendas do Azeite Sabi\u00e1 (Rio Grande do Sul, Brasil).<\/li>\n<li>2\u00b0 Puesto: \u201cEstancia das Oliveiras Frantoio\u201d, de la empresa Estancia das Oliveiras (Rio Grande do Sul, Brasil).<\/li>\n<li>2\u00b0 Puesto: \u201cHispasur Gold\u201d, de la empresa Knolive Oils S.L. (C\u00f3rdoba, Espa\u00f1a).<\/li>\n<li>3\u00b0 Puesto: \u201cGoya\u00ae&#xfe0f; \u00danico Premium Extra Virgin Olive Oil\u201d, de la empresa Goya en Espa\u00f1a S.A.U. (Sevilla, Espa\u00f1a).<\/li>\n<li>1\u00b0 Menci\u00f3n: \u201cNucete Cl\u00e1sico\u201d, de la empresa Agro Aceitunera S.A. (San Juan, Argentina).<\/li>\n<li>2\u00b0 Menci\u00f3n: \u201cAlambara Don Bosco\u201d, de la empresa Inspectoria Salesiana Argentina Norte Beato Artemides Zatti (Mendoza, Argentina).<\/li>\n<li>3\u00b0 Menci\u00f3n: \u201cFamilia Saleme\u201d, de la empresa Oliv\u00edcola Pedernal SA (San Juan, Argentina).<\/li>\n<\/ul>\n<\/li>\n<li><span style=\"color: #99cc00;\"><strong>Grupo III. Frutados Verdes amargos \/ picantes ligeros<\/strong><\/span>\n<ul>\n<li>1\u00b0 Puesto: \u201cGallo Socalcos do Norte Extra Virgin Olive Oil\u201d, de la empresa Gallo Worldwide, Lda (Lisboa, Portugal).<\/li>\n<li>2\u00b0 Puesto: \u201cPetra Nabali\u201d, de la empresa RBK Holding LLC (Abu Dhabi, Emiratos \u00c1rabes Unidos).<\/li>\n<li>3\u00b0 Puesto: \u201cEstancia das Oliveiras Blend Exclusivo\u201d, de la empresa Estancia das Oliveiras (Rio Grande do Sul, Brasil).<\/li>\n<li>1\u00b0 Menci\u00f3n: \u201cOlivaterra\u201d, de la empresa Olivaterra S.A (San Juan, Argentina).<\/li>\n<\/ul>\n<\/li>\n<li><span style=\"color: #99cc00;\"><strong>Grupo IV: Frutados Maduros \/ dulces<\/strong><\/span>\n<ul>\n<li>1\u00b0 Puesto: \u201cMorixe &#8211; Golden Blue\u201d, de la empresa Morixe Hermanos SACI (Buenos Aires, Argentina).<\/li>\n<li>2\u00b0 Puesto: \u201cEstancia das Oliveiras Arbequina\u201d, de la empresa Estancia das Oliveiras (Rio Grande do Sul, Brasil).<\/li>\n<li>2\u00b0 Puesto: \u201cNucete Suave\u201d, de la empresa Agro Aceitunera S.A. (San Juan, Argentina).<\/li>\n<\/ul>\n<\/li>\n<\/ul>\n<p><span style=\"color: #99cc00;\"><strong>Categor\u00eda Peque\u00f1os Productores<\/strong><\/span><\/p>\n<ul>\n<li><span style=\"color: #99cc00;\"><strong>Grupo I: Frutados Verdes amargos \/ picantes intensos<\/strong><\/span>\n<ul>\n<li>1\u00b0 Puesto: \u201cNobles Caciques\u201d, de la empresa Fercom Argentina SRL (Buenos Aires, Argentina).<\/li>\n<\/ul>\n<\/li>\n<li><span style=\"color: #99cc00;\"><strong>Grupo II: Frutados Verdes amargos \/ picantes medios<\/strong><\/span>\n<ul>\n<li>1\u00b0 Puesto: \u201cNobles Caciques\u201d, de la empresa Fercom Argentina SRL (Buenos Aires, Argentina).<\/li>\n<\/ul>\n<\/li>\n<li><span style=\"color: #99cc00;\"><strong>Grupo III. Frutados Verdes amargos \/ picantes ligeros<\/strong><\/span>\n<ul>\n<li>1\u00b0 Puesto: \u201cNobles Caciques\u201d, de la empresa Fercom Argentina SRL (Buenos Aires, Argentina).<\/li>\n<li>2\u00b0 Puesto: \u201cTrilog\u00eda Blend\u201d, de la empresa Trilog\u00eda (San Juan, Argentina).<\/li>\n<\/ul>\n<\/li>\n<\/ul>\n<p><img loading=\"lazy\" decoding=\"async\" class=\"alignnone size-full wp-image-86616\" src=\"https:\/\/vocesparalelas.com.ar\/sitio\/wp-content\/uploads\/2025\/05\/SAN-JUAN-ACEITE-OLIVA.jpg\" alt=\"\" width=\"800\" height=\"450\" srcset=\"https:\/\/vocesparalelas.com.ar\/sitio\/wp-content\/uploads\/2025\/05\/SAN-JUAN-ACEITE-OLIVA.jpg 800w, https:\/\/vocesparalelas.com.ar\/sitio\/wp-content\/uploads\/2025\/05\/SAN-JUAN-ACEITE-OLIVA-300x169.jpg 300w, https:\/\/vocesparalelas.com.ar\/sitio\/wp-content\/uploads\/2025\/05\/SAN-JUAN-ACEITE-OLIVA-768x432.jpg 768w\" sizes=\"auto, (max-width: 800px) 100vw, 800px\" \/><\/p>\n","protected":false},"excerpt":{"rendered":"<p>El Jueves, 3 de Septiembre se desarroll\u00f3 la Gala de Premiaci\u00f3n del IV Concurso Nacional a la Calidad de Aceites<\/p>\n","protected":false},"author":3,"featured_media":102790,"comment_status":"closed","ping_status":"closed","sticky":false,"template":"","format":"standard","meta":{"_acf_changed":false,"_seopress_titles_title":"","_seopress_titles_desc":"","_seopress_robots_index":"","_seopress_robots_follow":"","_seopress_robots_imageindex":"","_seopress_robots_snippet":"","_seopress_robots_primary_cat":"","_seopress_robots_breadcrumbs":"","_seopress_robots_freeze_modified_date":"","_seopress_robots_custom_modified_date":"","_seopress_robots_canonical":"","_seopress_social_fb_title":"","_seopress_social_fb_desc":"","_seopress_social_fb_img":"","_seopress_social_fb_img_attachment_id":0,"_seopress_social_fb_img_width":0,"_seopress_social_fb_img_height":0,"_seopress_social_twitter_title":"","_seopress_social_twitter_desc":"","_seopress_social_twitter_img":"","_seopress_social_twitter_img_attachment_id":0,"_seopress_social_twitter_img_width":0,"_seopress_social_twitter_img_height":0,"_seopress_redirections_value":"","_seopress_redirections_enabled":"","_seopress_redirections_enabled_regex":"","_seopress_redirections_logged_status":"","_seopress_redirections_param":"","_seopress_redirections_type":0,"_seopress_analysis_target_kw":"","colormag_page_container_layout":"default_layout","colormag_page_sidebar_layout":"default_layout","footnotes":""},"categories":[1],"tags":[],"class_list":["post-102788","post","type-post","status-publish","format-standard","has-post-thumbnail","hentry","category-destacadas"],"acf":[],"_links":{"self":[{"href":"https:\/\/vocesparalelas.com.ar\/sitio\/wp-json\/wp\/v2\/posts\/102788","targetHints":{"allow":["GET"]}}],"collection":[{"href":"https:\/\/vocesparalelas.com.ar\/sitio\/wp-json\/wp\/v2\/posts"}],"about":[{"href":"https:\/\/vocesparalelas.com.ar\/sitio\/wp-json\/wp\/v2\/types\/post"}],"author":[{"embeddable":true,"href":"https:\/\/vocesparalelas.com.ar\/sitio\/wp-json\/wp\/v2\/users\/3"}],"replies":[{"embeddable":true,"href":"https:\/\/vocesparalelas.com.ar\/sitio\/wp-json\/wp\/v2\/comments?post=102788"}],"version-history":[{"count":1,"href":"https:\/\/vocesparalelas.com.ar\/sitio\/wp-json\/wp\/v2\/posts\/102788\/revisions"}],"predecessor-version":[{"id":102791,"href":"https:\/\/vocesparalelas.com.ar\/sitio\/wp-json\/wp\/v2\/posts\/102788\/revisions\/102791"}],"wp:featuredmedia":[{"embeddable":true,"href":"https:\/\/vocesparalelas.com.ar\/sitio\/wp-json\/wp\/v2\/media\/102790"}],"wp:attachment":[{"href":"https:\/\/vocesparalelas.com.ar\/sitio\/wp-json\/wp\/v2\/media?parent=102788"}],"wp:term":[{"taxonomy":"category","embeddable":true,"href":"https:\/\/vocesparalelas.com.ar\/sitio\/wp-json\/wp\/v2\/categories?post=102788"},{"taxonomy":"post_tag","embeddable":true,"href":"https:\/\/vocesparalelas.com.ar\/sitio\/wp-json\/wp\/v2\/tags?post=102788"}],"curies":[{"name":"wp","href":"https:\/\/api.w.org\/{rel}","templated":true}]}}