{"id":102787,"date":"2026-09-04T21:24:02","date_gmt":"2026-09-05T00:24:02","guid":{"rendered":"https:\/\/vocesparalelas.com.ar\/sitio\/?p=102787"},"modified":"2026-09-04T21:24:02","modified_gmt":"2026-09-05T00:24:02","slug":"xiv-jornadas-de-justicia-de-faltas-en-san-juan","status":"publish","type":"post","link":"https:\/\/vocesparalelas.com.ar\/sitio\/xiv-jornadas-de-justicia-de-faltas-en-san-juan\/","title":{"rendered":"XIV Jornadas de Justicia de Faltas en San Juan"},"content":{"rendered":"<p>El Ministerio de Gobierno de San Juan, junto a la Federaci\u00f3n Argentina de Justicia Municipal de Faltas &#8211; FAJUM -, la Corte de Justicia de San Juan y el Foro de Abogados de San Juan, organizan las XIV Jornadas de Justicia de Faltas, un encuentro destinado a profesionales vinculados con la justicia y el \u00e1mbito jur\u00eddico. La actividad se realizar\u00e1 los d\u00edas 8 y 9 de octubre de 2026, en el Auditorio del Foro de Abogados de San Juan, bajo el eje \u201cJusticia de Faltas Municipal y su interacci\u00f3n con la Justicia Provincial\u201d.<\/p>\n<p>Las jornadas ofrecer\u00e1n un espacio para la capacitaci\u00f3n, el intercambio de experiencias y el an\u00e1lisis de situaciones que atraviesan actualmente a la Justicia de Faltas Municipal, contemplando el abordaje de cuestiones relacionadas con las competencias municipales, la articulaci\u00f3n entre organismos, la interjurisdiccionalidad y la relaci\u00f3n entre la Justicia de Faltas y la Justicia Provincial. Tambi\u00e9n se trabajar\u00e1 sobre problem\u00e1ticas vinculadas con ambiente, consumo, protecci\u00f3n animal, salud p\u00fablica, bromatolog\u00eda, tr\u00e1nsito y seguridad vial.<\/p>\n<p>A estas tem\u00e1ticas se sumar\u00e1n aspectos relacionados con la actuaci\u00f3n ante infracciones cometidas por personas extranjeras, herramientas para la gesti\u00f3n de causas y mecanismos de articulaci\u00f3n institucional.<\/p>\n<p>El programa incluye adem\u00e1s contenidos vinculados con derechos humanos, trabajo comunitario, respuestas preventivas y restaurativas, seguridad y responsabilidad. Otro de los ejes estar\u00e1 relacionado con las garant\u00edas que deben acompa\u00f1ar el ejercicio de la Justicia Municipal, como la independencia, la imparcialidad y la defensa en juicio.<\/p>\n<p>Desde el Ministerio de Gobierno se invita especialmente a profesionales de la justicia y del \u00e1mbito jur\u00eddico a participar de esta instancia de actualizaci\u00f3n e intercambio. El encuentro busca fortalecer conocimientos y promover espacios de articulaci\u00f3n entre quienes intervienen en los distintos \u00e1mbitos vinculados con la Justicia de Faltas en la provincia.<\/p>\n<p><img loading=\"lazy\" decoding=\"async\" class=\"alignnone size-full wp-image-65642\" src=\"https:\/\/vocesparalelas.com.ar\/sitio\/wp-content\/uploads\/2023\/11\/GOBIERNO-SAN-JUAN.jpg\" alt=\"\" width=\"800\" height=\"600\" srcset=\"https:\/\/vocesparalelas.com.ar\/sitio\/wp-content\/uploads\/2023\/11\/GOBIERNO-SAN-JUAN.jpg 800w, https:\/\/vocesparalelas.com.ar\/sitio\/wp-content\/uploads\/2023\/11\/GOBIERNO-SAN-JUAN-300x225.jpg 300w, https:\/\/vocesparalelas.com.ar\/sitio\/wp-content\/uploads\/2023\/11\/GOBIERNO-SAN-JUAN-768x576.jpg 768w\" sizes=\"auto, (max-width: 800px) 100vw, 800px\" \/><\/p>\n","protected":false},"excerpt":{"rendered":"<p>El Ministerio de Gobierno de San Juan, junto a la Federaci\u00f3n Argentina de Justicia Municipal de Faltas &#8211; FAJUM -,<\/p>\n","protected":false},"author":3,"featured_media":72913,"comment_status":"closed","ping_status":"closed","sticky":false,"template":"","format":"standard","meta":{"_acf_changed":false,"_seopress_titles_title":"","_seopress_titles_desc":"","_seopress_robots_index":"","_seopress_robots_follow":"","_seopress_robots_imageindex":"","_seopress_robots_snippet":"","_seopress_robots_primary_cat":"","_seopress_robots_breadcrumbs":"","_seopress_robots_freeze_modified_date":"","_seopress_robots_custom_modified_date":"","_seopress_robots_canonical":"","_seopress_social_fb_title":"","_seopress_social_fb_desc":"","_seopress_social_fb_img":"","_seopress_social_fb_img_attachment_id":0,"_seopress_social_fb_img_width":0,"_seopress_social_fb_img_height":0,"_seopress_social_twitter_title":"","_seopress_social_twitter_desc":"","_seopress_social_twitter_img":"","_seopress_social_twitter_img_attachment_id":0,"_seopress_social_twitter_img_width":0,"_seopress_social_twitter_img_height":0,"_seopress_redirections_value":"","_seopress_redirections_enabled":"","_seopress_redirections_enabled_regex":"","_seopress_redirections_logged_status":"","_seopress_redirections_param":"","_seopress_redirections_type":0,"_seopress_analysis_target_kw":"","colormag_page_container_layout":"default_layout","colormag_page_sidebar_layout":"default_layout","footnotes":""},"categories":[1],"tags":[],"class_list":["post-102787","post","type-post","status-publish","format-standard","has-post-thumbnail","hentry","category-destacadas"],"acf":[],"_links":{"self":[{"href":"https:\/\/vocesparalelas.com.ar\/sitio\/wp-json\/wp\/v2\/posts\/102787","targetHints":{"allow":["GET"]}}],"collection":[{"href":"https:\/\/vocesparalelas.com.ar\/sitio\/wp-json\/wp\/v2\/posts"}],"about":[{"href":"https:\/\/vocesparalelas.com.ar\/sitio\/wp-json\/wp\/v2\/types\/post"}],"author":[{"embeddable":true,"href":"https:\/\/vocesparalelas.com.ar\/sitio\/wp-json\/wp\/v2\/users\/3"}],"replies":[{"embeddable":true,"href":"https:\/\/vocesparalelas.com.ar\/sitio\/wp-json\/wp\/v2\/comments?post=102787"}],"version-history":[{"count":1,"href":"https:\/\/vocesparalelas.com.ar\/sitio\/wp-json\/wp\/v2\/posts\/102787\/revisions"}],"predecessor-version":[{"id":102789,"href":"https:\/\/vocesparalelas.com.ar\/sitio\/wp-json\/wp\/v2\/posts\/102787\/revisions\/102789"}],"wp:featuredmedia":[{"embeddable":true,"href":"https:\/\/vocesparalelas.com.ar\/sitio\/wp-json\/wp\/v2\/media\/72913"}],"wp:attachment":[{"href":"https:\/\/vocesparalelas.com.ar\/sitio\/wp-json\/wp\/v2\/media?parent=102787"}],"wp:term":[{"taxonomy":"category","embeddable":true,"href":"https:\/\/vocesparalelas.com.ar\/sitio\/wp-json\/wp\/v2\/categories?post=102787"},{"taxonomy":"post_tag","embeddable":true,"href":"https:\/\/vocesparalelas.com.ar\/sitio\/wp-json\/wp\/v2\/tags?post=102787"}],"curies":[{"name":"wp","href":"https:\/\/api.w.org\/{rel}","templated":true}]}}