{"id":102784,"date":"2026-09-04T11:41:17","date_gmt":"2026-09-04T14:41:17","guid":{"rendered":"https:\/\/vocesparalelas.com.ar\/sitio\/?p=102784"},"modified":"2026-09-04T11:51:30","modified_gmt":"2026-09-04T14:51:30","slug":"se-reafirma-la-postura-de-tolerancia-cero-en-la-fi-de-la-unsj","status":"publish","type":"post","link":"https:\/\/vocesparalelas.com.ar\/sitio\/se-reafirma-la-postura-de-tolerancia-cero-en-la-fi-de-la-unsj\/","title":{"rendered":"Se reafirma la postura de tolerancia cero en la FI de la UNSJ"},"content":{"rendered":"<p>La Facultad de Ingenier\u00eda de la Universidad Nacional de San Juan manifiesta su profunda preocupaci\u00f3n ante los hechos de p\u00fablico conocimiento presuntamente acontecidos y que involucran a estudiantes de esta casa de estudios.<\/p>\n<p>Desde el primer momento, esta Unidad Acad\u00e9mica procedi\u00f3 con la m\u00e1xima responsabilidad, articulando acciones con la Oficina por la Igualdad de G\u00e9nero, Contra las Violencias y la Discriminaci\u00f3n de la UNSJ, y en coordinaci\u00f3n con la UFI-CAVIG, en cumplimiento del Protocolo de Actuaci\u00f3n Institucional aprobado por Ord. N\u00b0 019\/16-CS. Mediante Resoluci\u00f3n de Decanato, se dispusieron medidas administrativas para garantizar el cumplimiento de las cautelares judiciales, estableciendo la prohibici\u00f3n de contacto presencial o virtual y la separaci\u00f3n total de los entornos acad\u00e9micos.<\/p>\n<p>En cumplimiento de la normativa vigente y las directivas de la Justicia, la instituci\u00f3n mantiene estricta reserva de las actuaciones para garantizar el desarrollo del proceso penal en curso.<\/p>\n<p>La Facultad de Ingenier\u00eda reafirma su postura de tolerancia cero frente a situaciones que atenten contra la integridad de las personas, para asegurar un entorno universitario seguro, inclusivo y respetuoso..<\/p>\n<p style=\"text-align: right;\">UNIVERSIDAD NACIONAL DE SAN JUAN<\/p>\n<p style=\"text-align: right;\">FACULTAD DE INGENIER\u00cdA<\/p>\n<p>&nbsp;<\/p>\n<p><img loading=\"lazy\" decoding=\"async\" class=\"alignnone size-full wp-image-102785\" src=\"https:\/\/vocesparalelas.com.ar\/sitio\/wp-content\/uploads\/2026\/09\/FI-UNSJ-PATIO-01.jpg\" alt=\"\" width=\"800\" height=\"476\" srcset=\"https:\/\/vocesparalelas.com.ar\/sitio\/wp-content\/uploads\/2026\/09\/FI-UNSJ-PATIO-01.jpg 800w, https:\/\/vocesparalelas.com.ar\/sitio\/wp-content\/uploads\/2026\/09\/FI-UNSJ-PATIO-01-300x179.jpg 300w, https:\/\/vocesparalelas.com.ar\/sitio\/wp-content\/uploads\/2026\/09\/FI-UNSJ-PATIO-01-768x457.jpg 768w\" sizes=\"auto, (max-width: 800px) 100vw, 800px\" \/><\/p>\n<p>&nbsp;<\/p>\n","protected":false},"excerpt":{"rendered":"<p>La Facultad de Ingenier\u00eda de la Universidad Nacional de San Juan manifiesta su profunda preocupaci\u00f3n ante los hechos de p\u00fablico<\/p>\n","protected":false},"author":3,"featured_media":27222,"comment_status":"closed","ping_status":"closed","sticky":false,"template":"","format":"standard","meta":{"_acf_changed":false,"_seopress_titles_title":"","_seopress_titles_desc":"","_seopress_robots_index":"","_seopress_robots_follow":"","_seopress_robots_imageindex":"","_seopress_robots_snippet":"","_seopress_robots_primary_cat":"","_seopress_robots_breadcrumbs":"","_seopress_robots_freeze_modified_date":"","_seopress_robots_custom_modified_date":"","_seopress_robots_canonical":"","_seopress_social_fb_title":"","_seopress_social_fb_desc":"","_seopress_social_fb_img":"","_seopress_social_fb_img_attachment_id":0,"_seopress_social_fb_img_width":0,"_seopress_social_fb_img_height":0,"_seopress_social_twitter_title":"","_seopress_social_twitter_desc":"","_seopress_social_twitter_img":"","_seopress_social_twitter_img_attachment_id":0,"_seopress_social_twitter_img_width":0,"_seopress_social_twitter_img_height":0,"_seopress_redirections_value":"","_seopress_redirections_enabled":"","_seopress_redirections_enabled_regex":"","_seopress_redirections_logged_status":"","_seopress_redirections_param":"","_seopress_redirections_type":0,"_seopress_analysis_target_kw":"","colormag_page_container_layout":"default_layout","colormag_page_sidebar_layout":"default_layout","footnotes":""},"categories":[1],"tags":[],"class_list":["post-102784","post","type-post","status-publish","format-standard","has-post-thumbnail","hentry","category-destacadas"],"acf":[],"_links":{"self":[{"href":"https:\/\/vocesparalelas.com.ar\/sitio\/wp-json\/wp\/v2\/posts\/102784","targetHints":{"allow":["GET"]}}],"collection":[{"href":"https:\/\/vocesparalelas.com.ar\/sitio\/wp-json\/wp\/v2\/posts"}],"about":[{"href":"https:\/\/vocesparalelas.com.ar\/sitio\/wp-json\/wp\/v2\/types\/post"}],"author":[{"embeddable":true,"href":"https:\/\/vocesparalelas.com.ar\/sitio\/wp-json\/wp\/v2\/users\/3"}],"replies":[{"embeddable":true,"href":"https:\/\/vocesparalelas.com.ar\/sitio\/wp-json\/wp\/v2\/comments?post=102784"}],"version-history":[{"count":1,"href":"https:\/\/vocesparalelas.com.ar\/sitio\/wp-json\/wp\/v2\/posts\/102784\/revisions"}],"predecessor-version":[{"id":102786,"href":"https:\/\/vocesparalelas.com.ar\/sitio\/wp-json\/wp\/v2\/posts\/102784\/revisions\/102786"}],"wp:featuredmedia":[{"embeddable":true,"href":"https:\/\/vocesparalelas.com.ar\/sitio\/wp-json\/wp\/v2\/media\/27222"}],"wp:attachment":[{"href":"https:\/\/vocesparalelas.com.ar\/sitio\/wp-json\/wp\/v2\/media?parent=102784"}],"wp:term":[{"taxonomy":"category","embeddable":true,"href":"https:\/\/vocesparalelas.com.ar\/sitio\/wp-json\/wp\/v2\/categories?post=102784"},{"taxonomy":"post_tag","embeddable":true,"href":"https:\/\/vocesparalelas.com.ar\/sitio\/wp-json\/wp\/v2\/tags?post=102784"}],"curies":[{"name":"wp","href":"https:\/\/api.w.org\/{rel}","templated":true}]}}