{"id":102782,"date":"2026-09-04T11:16:00","date_gmt":"2026-09-04T14:16:00","guid":{"rendered":"https:\/\/vocesparalelas.com.ar\/sitio\/?p=102782"},"modified":"2026-09-04T11:16:00","modified_gmt":"2026-09-04T14:16:00","slug":"san-juan-trabaja-en-el-futuro-de-los-residuos-con-un-workshop-estrategico","status":"publish","type":"post","link":"https:\/\/vocesparalelas.com.ar\/sitio\/san-juan-trabaja-en-el-futuro-de-los-residuos-con-un-workshop-estrategico\/","title":{"rendered":"San Juan trabaja en el futuro de los residuos con un Workshop Estrat\u00e9gico"},"content":{"rendered":"<p>A trav\u00e9s de un workshop que se realiza el Mi\u00e9rcoles, 9 y el Jueves, 10 de Septiembre y re\u00fane Ciencia, Estado, Producci\u00f3n y Financiamiento para generar soluciones aplicables al territorio de San Juan.<\/p>\n<p>Es el primer Workshop Estrat\u00e9gico REFRES: Redise\u00f1ando el Futuro de los Residuos, convirti\u00e9ndose en la primera provincia de Argentina en implementar esta metodolog\u00eda de articulaci\u00f3n entre ciencia, Estado, Producci\u00f3n, Tecnolog\u00eda y Financiamiento .<\/p>\n<p>El encuentro es organizado por el CONICET, la Universidad Nacional de San Juan, a trav\u00e9s de la Facultad de Ingenier\u00eda de la UNSJ, el Departamento de Ingenier\u00eda Qu\u00edmica, y la Secretar\u00eda de Estado de Ambiente y Desarrollo Sustentable del Gobierno de San Juan, con el apoyo de los ministerios de Miner\u00eda y Producci\u00f3n, Trabajo e Innovaci\u00f3n.<\/p>\n<p>La propuesta busca vincular capacidades cient\u00edficas y tecnol\u00f3gicas con necesidades concretas de la provincia. Participan investigadores y especialistas de San Juan y de distintos puntos del pa\u00eds, junto con organismos p\u00fablicos, empresas, sectores productivos, instituciones y agentes de financiamiento. El abordaje incluye econom\u00eda circular, gesti\u00f3n de residuos, agua, energ\u00eda, agroindustria, miner\u00eda, efluentes, tecnolog\u00edas limpias, nuevos materiales y energ\u00edas renovables.<\/p>\n<p>Como parte del encuentro se desarrollan siete Mesas de Trabajo cient\u00edfico-t\u00e9cnicas, seis tem\u00e1ticas y una transversal. Los espacios permiten identificar problemas, capacidades disponibles, oportunidades, posibles proyectos y alternativas de implementaci\u00f3n y financiamiento. Los resultados son sistematizados para aportar a una futura agenda y hoja de ruta provincia de San Juan.<\/p>\n<p>Para participar del evento es necesario registrar su inscripci\u00f3n en el siguiente link: <a href=\"https:\/\/forms.gle\/dKb9ux1YWwNA4GvA6\">https:\/\/forms.gle\/dKb9ux1YWwNA4GvA6<\/a><\/p>\n<p>Para participar de las Mesas de Trabajo es necesario registrar su inscripci\u00f3n en el siguiente link: <a href=\"https:\/\/forms.gle\/eN6RYrGjbYqahSABA\">https:\/\/forms.gle\/eN6RYrGjbYqahSABA<\/a><\/p>\n<p><strong><span style=\"color: #008000;\">Objetivo<\/span><\/strong><\/p>\n<p>Impulsar un espacio de encuentro y articulaci\u00f3n entre el sistema cient\u00edfico-tecnol\u00f3gico, el sector p\u00fablico y el entramado productivo de San Juan, orientado a transformar desaf\u00edos estrat\u00e9gicos del territorio en oportunidades concretas de innovaci\u00f3n, sostenibilidad y desarrollo.<\/p>\n<p>A trav\u00e9s de disertaciones y mesas de trabajo, se abordar\u00e1n de manera integrada desaf\u00edos y oportunidades vinculados con el uso eficiente de los recursos, el agua y la energ\u00eda; la producci\u00f3n y el desarrollo de alimentos, ingredientes y productos de mayor valor agregado; la gesti\u00f3n y valorizaci\u00f3n de corrientes residuales agroindustriales, urbanas y mineras; el tratamiento y aprovechamiento de efluentes y residuos; el desarrollo de tecnolog\u00edas limpias, nuevos materiales, energ\u00edas renovables, almacenamiento y soluciones para una mayor eficiencia energ\u00e9tica. Todo ello desde una perspectiva que incorpore econom\u00eda circular, integraci\u00f3n de procesos, aprovechamiento responsable de los recursos y generaci\u00f3n de nuevas oportunidades de valor a lo largo de las cadenas productivas.<\/p>\n<p>El workshop busca conectar capacidades cient\u00edfico-tecnol\u00f3gicas, necesidades del territorio y oportunidades productivas para promover nuevas vinculaciones, transferencia de conocimiento y tecnolog\u00eda, proyectos colaborativos y experiencias piloto con potencial de implementaci\u00f3n y escalado, contribuyendo al desarrollo de sistemas alimentarios, productivos, mineros, energ\u00e9ticos y ambientales m\u00e1s eficientes, innovadores y sostenibles, mediante la reducci\u00f3n de impactos ambientales y emisiones, y la incorporaci\u00f3n de tecnolog\u00edas que contribuyan a procesos m\u00e1s eficientes, resilientes y de bajo carbono.<\/p>\n<p><span style=\"color: #008000;\"><strong>Programa<\/strong><\/span><\/p>\n<p><span style=\"color: #008000;\"><strong>D\u00cdA 1: 09\/09 MA\u00d1ANA: SAL\u00d3N ELOY P. CAMUS<\/strong><\/span><\/p>\n<ul>\n<li>09:00 \u2013 10:00 | Acreditaci\u00f3n y caf\u00e9 de bienvenida.<\/li>\n<li>10:00 \u2013 10:30 | Apertura institucional. Exponen: Autoridades UNSJ y Secretar\u00eda de Ambiente.<\/li>\n<li>10:30 \u2013 11:00 | Objetivo general del PIETR-Incumbencias \u2013 Tareas a desarrollar \u2013 Integrantes con sus especialidades: Expone Dr. Germ\u00e1n Mazza. Investigados Superior CONICET.<\/li>\n<li>11:00 \u2013 11:30 | Diagn\u00f3stico regional. Expone Dr. H\u00e9ctor Bustamante Subsecretario de Desarrollo Sustentable<\/li>\n<li>11:30 &#8211; 12:00 | Secci\u00f3n de Preguntas.<\/li>\n<\/ul>\n<p><strong><span style=\"color: #008000;\">D\u00cdA 1: 09\/09: TARDE: SAL\u00d3N ELOY P. CAMUS<\/span><\/strong><\/p>\n<ul>\n<li>15:00 \u2013 15:20 | Tecnolog\u00edas termoqu\u00edmicas de valorizaci\u00f3n de residuos. Expone: Dra. Rosa Rodr\u00edguez, Dra. Marcela Castro, Ing. Marcelo Navarro\u00a0 Representantes CONICET-UNSJ.<\/li>\n<li>15:20 \u2013 15:40 | Gesti\u00f3n de Residuos en San Juan. Expone Ing. Santiago Ceballos Subsecretario de Residuos.<\/li>\n<li>15:40 \u2013 16:00 | Producci\u00f3n de biochar y aplicaciones en agricultura y suelos. Expone: Dra. Paula Fabani\u00a0 Representante CONICET.<\/li>\n<li>16:00 \u2013 16:20 |Recuperaci\u00f3n de compuestos bioactivos a partir de residuos agroindustriales. Expone: Dra. Daniela Salvatori Representante CONICET-UNCo.<\/li>\n<li>16:20-16:50 | Cofee break.<\/li>\n<li>16:50 \u2013 17:10 | Desarrollo de nuevos materiales para el tratamiento qu\u00edmico y fotoqu\u00edmico de aguas. Expone: Dr. Luciano Carlos Representante CONICET- UNCo.<\/li>\n<li>17:10 \u2013 17:30 | Indicadores territoriales de respuesta para la gesti\u00f3n ambiental de residuos: una experiencia de vinculaci\u00f3n ciencia-gesti\u00f3n en Centenario. Expone: Dr. Germ\u00e1n P\u00e9rez Representante CONICET- UNCo.<\/li>\n<li>17:30 \u2013 18:00 | Secci\u00f3n de Preguntas.<\/li>\n<\/ul>\n<p><strong><span style=\"color: #008000;\">D\u00cdA 2: 10\/09: MA\u00d1ANA: SAL\u00d3N ELOY P. CAMUS<\/span><\/strong><\/p>\n<ul>\n<li>09:00 \u2013 10:00 | Acreditaci\u00f3n y caf\u00e9 de bienvenida.<\/li>\n<li>10:00 \u2013 10:20 | Desarrollo de golosinas\/snacks saludables, e ingredientes funcionales usando alimentos descartados. Expone: Dra. Carolina Schebor Representante CONICET-UBA.<\/li>\n<li>10:20 \u2013 10:40 | Valorizaci\u00f3n de residuos para energ\u00eda. Expone: Dr. Jos\u00e9 Soria\u00a0 Representante CONICET.<\/li>\n<li>10: 40 \u2013 11:00 | Pasivos mineros: Valorizaci\u00f3n. Expone: Dra. Vanesa Baz\u00e1n Representante CONICET.<\/li>\n<li>11:00 \u2013 11:20 | Evaluaci\u00f3n de Impacto Ambiental y An\u00e1lisis de Ciclo de Vida. Expone: Mag. Ing. Ver\u00f3nica Navas Nale\u00a0 Representante UNSJ &#8211; CONICET.<\/li>\n<li>11:30 &#8211; 12:00 | Secci\u00f3n de Preguntas.<\/li>\n<\/ul>\n<p>&nbsp;<\/p>\n","protected":false},"excerpt":{"rendered":"<p>A trav\u00e9s de un workshop que se realiza el Mi\u00e9rcoles, 9 y el Jueves, 10 de Septiembre y re\u00fane Ciencia,<\/p>\n","protected":false},"author":3,"featured_media":37926,"comment_status":"closed","ping_status":"closed","sticky":false,"template":"","format":"standard","meta":{"_acf_changed":false,"_seopress_titles_title":"","_seopress_titles_desc":"","_seopress_robots_index":"","_seopress_robots_follow":"","_seopress_robots_imageindex":"","_seopress_robots_snippet":"","_seopress_robots_primary_cat":"","_seopress_robots_breadcrumbs":"","_seopress_robots_freeze_modified_date":"","_seopress_robots_custom_modified_date":"","_seopress_robots_canonical":"","_seopress_social_fb_title":"","_seopress_social_fb_desc":"","_seopress_social_fb_img":"","_seopress_social_fb_img_attachment_id":0,"_seopress_social_fb_img_width":0,"_seopress_social_fb_img_height":0,"_seopress_social_twitter_title":"","_seopress_social_twitter_desc":"","_seopress_social_twitter_img":"","_seopress_social_twitter_img_attachment_id":0,"_seopress_social_twitter_img_width":0,"_seopress_social_twitter_img_height":0,"_seopress_redirections_value":"","_seopress_redirections_enabled":"","_seopress_redirections_enabled_regex":"","_seopress_redirections_logged_status":"","_seopress_redirections_param":"","_seopress_redirections_type":0,"_seopress_analysis_target_kw":"","colormag_page_container_layout":"default_layout","colormag_page_sidebar_layout":"default_layout","footnotes":""},"categories":[1],"tags":[],"class_list":["post-102782","post","type-post","status-publish","format-standard","has-post-thumbnail","hentry","category-destacadas"],"acf":[],"_links":{"self":[{"href":"https:\/\/vocesparalelas.com.ar\/sitio\/wp-json\/wp\/v2\/posts\/102782","targetHints":{"allow":["GET"]}}],"collection":[{"href":"https:\/\/vocesparalelas.com.ar\/sitio\/wp-json\/wp\/v2\/posts"}],"about":[{"href":"https:\/\/vocesparalelas.com.ar\/sitio\/wp-json\/wp\/v2\/types\/post"}],"author":[{"embeddable":true,"href":"https:\/\/vocesparalelas.com.ar\/sitio\/wp-json\/wp\/v2\/users\/3"}],"replies":[{"embeddable":true,"href":"https:\/\/vocesparalelas.com.ar\/sitio\/wp-json\/wp\/v2\/comments?post=102782"}],"version-history":[{"count":1,"href":"https:\/\/vocesparalelas.com.ar\/sitio\/wp-json\/wp\/v2\/posts\/102782\/revisions"}],"predecessor-version":[{"id":102783,"href":"https:\/\/vocesparalelas.com.ar\/sitio\/wp-json\/wp\/v2\/posts\/102782\/revisions\/102783"}],"wp:featuredmedia":[{"embeddable":true,"href":"https:\/\/vocesparalelas.com.ar\/sitio\/wp-json\/wp\/v2\/media\/37926"}],"wp:attachment":[{"href":"https:\/\/vocesparalelas.com.ar\/sitio\/wp-json\/wp\/v2\/media?parent=102782"}],"wp:term":[{"taxonomy":"category","embeddable":true,"href":"https:\/\/vocesparalelas.com.ar\/sitio\/wp-json\/wp\/v2\/categories?post=102782"},{"taxonomy":"post_tag","embeddable":true,"href":"https:\/\/vocesparalelas.com.ar\/sitio\/wp-json\/wp\/v2\/tags?post=102782"}],"curies":[{"name":"wp","href":"https:\/\/api.w.org\/{rel}","templated":true}]}}