{"id":102777,"date":"2026-09-03T23:31:37","date_gmt":"2026-09-04T02:31:37","guid":{"rendered":"https:\/\/vocesparalelas.com.ar\/sitio\/?p=102777"},"modified":"2026-09-03T23:31:37","modified_gmt":"2026-09-04T02:31:37","slug":"aprobaron-el-convenio-con-la-camara-de-servicios-mineros-de-san-juan-en-la","status":"publish","type":"post","link":"https:\/\/vocesparalelas.com.ar\/sitio\/aprobaron-el-convenio-con-la-camara-de-servicios-mineros-de-san-juan-en-la\/","title":{"rendered":"Aprobaron el convenio con la C\u00e1mara de Servicios Mineros de San Juan en la"},"content":{"rendered":"<p>En el marco de la Novena Sesi\u00f3n llevada a cabo durante el Jueves, 3 de Septiembre, el cuerpo legislativo ratific\u00f3 el convenio firmado entre el Ministerio de Familia y Desarrollo Humano y la C\u00e1mara de Servicios Mineros de San Juan, con el objeto de establecer un marco de cooperaci\u00f3n y asistencia rec\u00edproca.<\/p>\n<p>La sesi\u00f3n estuvo presidida por el vicepresidente primero, diputado Dr. Enzo Cornejo, quien estuvo acompa\u00f1ado por los secretarios Dr. Gustavo Velert (Legislativo) y Lic. Jorge Fern\u00e1ndez (Administrativo).<\/p>\n<p>Asimismo, aprobaron dos proyectos de imposici\u00f3n de nombre a instituciones educativas y diversos proyectos de Resoluci\u00f3n que declaran de inter\u00e9s diferentes tipos de actividades de la comunidad.<\/p>\n<p><strong><span style=\"color: #800080;\">Imposici\u00f3n de nombres a escuelas\u00a0<\/span><\/strong><\/p>\n<p>La C\u00e1mara de Diputados aprob\u00f3 dos proyectos de Ley que imponen los siguientes nombres a instituciones educativas:<\/p>\n<ul>\n<li>\u201cOFELIA ZUCCOLI\u201d, a la Escuela Primaria Nuevo Cuyo, turno tarde, ubicada en el departamento Rivadavia, dependiente de la Direcci\u00f3n de Educaci\u00f3n Primaria del Ministerio de Educaci\u00f3n de la provincia de San Juan. (Fundament\u00f3 el diputado Juan de la Cruz C\u00f3rdoba)<\/li>\n<li>CAMINO DE LOS ANDES, a la Escuela de Educaci\u00f3n Especial M\u00faltiple, localidad Barreal, departamento Calingasta. (Fundament\u00f3 el diputado Jorge Casta\u00f1eda)<\/li>\n<\/ul>\n<p><strong><span style=\"color: #800080;\">Convenio con la C\u00e1mara de Servicios Mineros de San Juan<\/span><\/strong><\/p>\n<p>Tras los argumentos explicados por el diputado Andr\u00e9s Castro como miembro informante, la Legislatura ratific\u00f3 el Convenio de Cooperaci\u00f3n, suscripto entre el Ministerio de Familia y Desarrollo Humano y la C\u00e1mara de Servicios Mineros de San Juan.<\/p>\n<p>El presente acuerdo tiene por objeto establecer un marco de cooperaci\u00f3n y asistencia rec\u00edproca entre las partes, a fin de coordinar, planificar y ejecutar acciones conjuntas orientadas al fortalecimiento del sector, emprendedor de la econom\u00eda social de la Provincia de San Juan.<\/p>\n<p><strong><span style=\"color: #800080;\">Las partes se comprometen espec\u00edficamente a:\u00a0<\/span><\/strong><\/p>\n<ul>\n<li>Facilitar el acceso de los emprendedores inscriptos en el Registro Provincial de Emprendedores de la Econom\u00eda Social a recursos institucionales, log\u00edstico, t\u00e9cnicos que contribuyan a la mejora de sus capacidades productivas y comerciales.<\/li>\n<li>Organizar y desarrollar actividades de formaci\u00f3n, capacitaci\u00f3n y asistencia t\u00e9cnica en temas vinculados a la gesti\u00f3n empresarial, comercializaci\u00f3n, innovaci\u00f3n y desarrollo productivo.<\/li>\n<li>Implementar mecanismos de asistencia directa para el desarrollo y sostenibilidad de proyectos productivos, priorizando aquellos con impacto comunitario y social.<\/li>\n<li>Promover la generaci\u00f3n de redes de colaboraci\u00f3n entre los actores vinculados a la econom\u00eda social y solidaria.<\/li>\n<\/ul>\n<p><strong><span style=\"color: #800080;\">Resoluciones<\/span><\/strong><\/p>\n<p>En la Novena Sesi\u00f3n, los legisladores resolvieron declarar de inter\u00e9s:<\/p>\n<ul>\n<li>Educativo, Cultural y Literario Provincial la saga \u00abEl Diario de Leonard Flint\u00bb, del autor Leonardo Ezequiel Karam Alba, editada por la editorial Tinta de Luz en la provincia de Mendoza, por su aporte al desarrollo de la literatura fant\u00e1stica, la promoci\u00f3n de la lectura y la construcci\u00f3n de universos narrativos que fomentan la imaginaci\u00f3n, la reflexi\u00f3n y el crecimiento personal. (Bloque Bloquista)<\/li>\n<li>Cultural, social y literario el libro \u201cIluso so\u00f1ador de abril\u201d, de autor\u00eda de Juan Manuel Galv\u00e1n, por su valioso aporte a la cultura, la literatura y la reflexi\u00f3n humana. (Bloque Bloquista)<\/li>\n<li>Cultural, social, acad\u00e9mico y literario el libro \u201cUniverso Compol II: el surgimiento o el renacimiento de la pol\u00edtica\u201d, de autor\u00eda de Nadia Soledad Brizuela, por su valioso aporte al an\u00e1lisis de la comunicaci\u00f3n pol\u00edtica, la reflexi\u00f3n democr\u00e1tica y el pensamiento cr\u00edtico contempor\u00e1neo. (Bloque Bloquista)<\/li>\n<li>Cultural y educativo, el Dispositivo pedag\u00f3gico: Teatro + Conversatorio llamado El Viejo de la Bolsa, que se lleva a cabo el d\u00eda 2 de septiembre de 2026, en el Cine Teatro Municipal. (Interbloque Cambia San Juan)<\/li>\n<li>Cultural y educativo, al Dispositivo pedag\u00f3gico: Teatro + Conversatorio llamado M\u00e9dico a Palos, que se lleva a cabo el d\u00eda 2 de septiembre de 2026, en el Cine Teatro Municipal. (Interbloque Cambia San Juan)<\/li>\n<li>Social, econ\u00f3mico y productivo la V Edici\u00f3n del M\u00e9rito Empresarial, que se lleva a cabo el 31 de octubre del corriente a\u00f1o, en el Sal\u00f3n Eufemia, departamento Albard\u00f3n. (Interbloque Cambia San Juan)<\/li>\n<li>Social y cultural el Festival del Inmigrante, que se lleva a cabo el d\u00eda 5 de septiembre del 2026, en la Plaza de Sol de Parque de Mayo. (Interbloque Cambia San Juan)<\/li>\n<li>Social y educativo el III Congreso Regional de Enfermer\u00eda, bajo el lema \u00abInnovar para cuidar, liderar para transformar. Ampliando horizontes de la enfermer\u00eda de vanguardia, organizado por el Departamento de Enfermer\u00eda del Hospital P\u00fablico Descentralizado Dr. Guillermo Rawson, a desarrollarse los d\u00edas 9 y 10 de septiembre de 2026, en las instalaciones del Museo Provincial de Bellas Artes. (Interbloque Cambia San Juan)<\/li>\n<li>Productivo, profesional, educativo y cultural el evento denominado Vinos &amp; Habilidades Blandas: Sunset &amp; Networking, organizado por el Consejo Profesional de Ciencias Econ\u00f3micas de San Juan, (CPCESJ), a realizarse el d\u00eda 6 de noviembre de 2026, en las instalaciones de Villa Don Tom\u00e1s Apart Hotel, de la Provincia de San Juan. (Bloque San Juan Vuelve)<\/li>\n<li>Cultural y social, Las III Jornadas de Terapia Ocupacional San Juan 2026 &#8211; Saberes que se Transforman en Pr\u00e1ctica, organizadas por la Carrera de Licenciatura en Terapia Ocupacional de la Universidad Cat\u00f3lica de Cuyo -Facultad de Ciencias M\u00e9dicas, a desarrollarse los d\u00edas 9 y 10 de septiembre de 2026 en la Provincia de San Juan. (Bloque Bloquista)<\/li>\n<li>Hist\u00f3rico, social, cultural y tur\u00edstico, la Fiesta por el 118\u00b0 Aniversario del Departamento Sarmiento, que se lleva a cabo desde el 29 hasta el 30 de agosto de 2026. (Interbloque Cambia San Juan)<\/li>\n<li>Educativo y cultural la participaci\u00f3n de Luca Amir Silva Ag\u00fcero, Camita Alel\u00ed G\u00f3mez D\u00edaz y Mar\u00eda Emilce Correa Mu\u00f1oz; como representantes de la Provincia de San Juan en el XX Festival Mundial de la Juventud 2026, que se desarrolla del 11 al 17 de septiembre de 2026 en la ciudad de Ekaterimburgo, Federaci\u00f3n de Rusia. (Bloque Justicialista)<\/li>\n<li>Social, cultural e hist\u00f3rico, las actividades que se llevan a cabo con motivo de conmemorarse el 84\u00b0 Aniversario de la Creaci\u00f3n del Departamento Rawson, el d\u00eda 4 de septiembre del corriente a\u00f1o. (Bloque Justicialista)<\/li>\n<li>Cultural, recreativo y educativo el Programa Radial Un Sol Nos Sonr\u00ede, que se trasmite los d\u00edas martes y jueves de por Radio Presidente Arturo IIIia 93.3 FM de provincia de San Juan. (Interbloque Cambia San Juan)<\/li>\n<li>Educativo, cultural y social los actos a realizarse en conmemoraci\u00f3n por el 100\u00ba Aniversario de la Escuela Luis Jorge Fontana, a realizarse el 4 de septiembre del corriente a\u00f1o, en dicho establecimiento educativo. (Interbloque Cambia San Juan)<\/li>\n<li>Religioso, cultural social y recreativo a la XLVI Peregrinaci\u00f3n Arquidiocesana de J\u00f3venes, bajo el lema \u00abSo\u00f1ados por Dios, enviados al mundo\u201d, organizado por el equipo de pastoral de Juventud Arquidiocesana; a desarrollarse el 6 de septiembre del corriente a\u00f1o. (Bloque Crecer)<\/li>\n<li>Social y educativo las actividades a llevarse a cabo en el marco de las 90\u00ba Jornadas Nacionales de Sostenibilidad y 1\u00b0 Jornadas Nacionales de \u00c9tica y Compliance, bajo el lema \u00abLiderar con Valor El profesional como motor del desarrollo\u201d, organizadas por el Consejo Profesional de Ciencias Econ\u00f3micas de San Juan, a desarrollarse los d\u00edas 2 y 3 de octubre de 2026. (Interbloque Cambia San Juan)<\/li>\n<li>Deportivo, tur\u00edstico y social la carrera homenaje Henry Martin, en el marco de la octava fecha del 47\u00b0 Campeonato de TC2000, con la participaci\u00f3n de Top Race y Fiat Competizione, que tendr\u00e1 lugar los d\u00edas 26 y 27 de septiembre de 2026, en el Aut\u00f3dromoEl Zonda\u00bb Eduardo Copello, departamento Rivadavia. (Interbloque Cambia San Juan)<\/li>\n<li>Provincial, cultural y educativo el Pre Congreso de Arquitectura y Urbanismo que se llevar\u00e1 a cabo el d\u00eda 9 y 10 de septiembre de 2026, en la Facultad de Arquitectura, Urbanismo y Dise\u00f1o. (Bloque Justicialista)<\/li>\n<li>Social, sanitario y legislativo el \u00abD\u00eda Mundial para la Prevenci\u00f3n del Suicidio\u00bb, a conmemorarse el 10 de septiembre, instituido por la Organizaci\u00f3n Mundial de la Salud (OMS) y la Asociaci\u00f3n Internacional para la Prevenci\u00f3n del Suicidio (IASP). (Bloque Justicialista)<\/li>\n<li>Educativo Programa de capacitaciones en turismo denominado \u00abSAN JUAN CAPACITA EN TURISMO\u00bb, que se llevar\u00e1 a cabo durante 2026 y 2027. (Interbloque Cambia San Juan)<\/li>\n<li>Educativo, cultural y social el Proyecto \u00abPeregrinamos a Mar\u00eda de Luj\u00e1n con esperanza\u00bb, llevado a cabo desde el d\u00eda 30 de septiembre hasta el domingo 4 de octubre de 2026, por el Colegio Nuestra Se\u00f1ora de Luj\u00e1n &#8211; Nivel Secundario. (Interbloque Cambia San Juan)<\/li>\n<li>Social y cultural a la muestra \u00abViajemos con Sarmiento\u00bb que se llevar\u00e1 a cabo desde el d\u00eda 10 de septiembre hasta el d\u00eda 18 de septiembre de 2026 en el hall del hist\u00f3rico. (Interbloque Cambia San Juan)<\/li>\n<li>Institucional, social y cultural al \u00abX Congreso Nacional de la juventud de la Federaci\u00f3n de empleados legislativos (F.E.L.R.A)\u00bb que se llevar\u00e1 a cabo desde el d\u00eda 14 de octubre hasta el d\u00eda 16 de octubre de 2026 en la Provincia de San Juan. (Interbloque Cambia San Juan)<\/li>\n<li>Social, cultural y deportivo a las actividades en el marco del Torneo 30\u00b0 Aniversario de la Asociaci\u00f3n Marcial Chaiu-Do-Kwan a desarrollarse el 13 de septiembre de 2026 en el Estadio Aldo Cantoni. (Interbloque Cambia San Juan)<\/li>\n<li>Educativo, social y cultural el \u00abIII Simposio de Actualizaci\u00f3n sobre Archiv\u00edstica &#8211; IA Transformaci\u00f3n e Innovaci\u00f3n para los Archivos del Futuro\u00bb, a realizarse los d\u00edas 30 de septiembre y 1 de octubre de 2026, en el Auditorio Eloy Camus. (Interbloque Cambia San Juan)<\/li>\n<li>Cient\u00edfico, educativo, ambiental y productivo la realizaci\u00f3n del Workshop Estrat\u00e9gico REFRES, a desarrollarse los d\u00edas 9 y 10 de septiembre de 2026 en el Sal\u00f3n Eloy Pr\u00f3spero Camus y en el Sal\u00f3n Cruce Sanmartiniano de los Andes, ambos ubicados en el Centro C\u00edvico de la Provincia de San Juan, organizado conjuntamente por el Consejo Nacional de Investigaciones Cient\u00edficas y T\u00e9cnicas (CONICET); la Universidad Nacional de San Juan, a trav\u00e9s de su Facultad de Ingenier\u00eda y del Departamento de Ingenier\u00eda Qu\u00edmica; y la Secretar\u00eda de Estado de Ambiente y Desarrollo Sustentable de la provincia de San Juan. (Bloque Bloquista e Interbloque Cambia San Juan)<\/li>\n<li>Educativo y Social el \u00abPre Seminario Pa\u00eds Federal San Juan 2026\u00bb, organizado por la Fundaci\u00f3n Universitaria del R\u00edo de la Plata (FURP), Filial San Juan, a desarrollarse desde el d\u00eda 8 al 11 de septiembre de 2026. (Bloque Justicialista)<\/li>\n<\/ul>\n<figure id=\"attachment_37951\" aria-describedby=\"caption-attachment-37951\" style=\"width: 800px\" class=\"wp-caption alignnone\"><img loading=\"lazy\" decoding=\"async\" class=\"size-full wp-image-37951\" src=\"https:\/\/vocesparalelas.com.ar\/sitio\/wp-content\/uploads\/2021\/05\/CAMARA-EDIFICIO.jpg\" alt=\"\" width=\"800\" height=\"515\" srcset=\"https:\/\/vocesparalelas.com.ar\/sitio\/wp-content\/uploads\/2021\/05\/CAMARA-EDIFICIO.jpg 800w, https:\/\/vocesparalelas.com.ar\/sitio\/wp-content\/uploads\/2021\/05\/CAMARA-EDIFICIO-300x193.jpg 300w, https:\/\/vocesparalelas.com.ar\/sitio\/wp-content\/uploads\/2021\/05\/CAMARA-EDIFICIO-768x494.jpg 768w\" sizes=\"auto, (max-width: 800px) 100vw, 800px\" \/><figcaption id=\"caption-attachment-37951\" class=\"wp-caption-text\">Legislatura Provincial de San Juan, Rep\u00fablica Argentina<\/figcaption><\/figure>\n","protected":false},"excerpt":{"rendered":"<p>En el marco de la Novena Sesi\u00f3n llevada a cabo durante el Jueves, 3 de Septiembre, el cuerpo legislativo ratific\u00f3<\/p>\n","protected":false},"author":3,"featured_media":102778,"comment_status":"closed","ping_status":"closed","sticky":false,"template":"","format":"standard","meta":{"_acf_changed":false,"_seopress_titles_title":"","_seopress_titles_desc":"","_seopress_robots_index":"","_seopress_robots_follow":"","_seopress_robots_imageindex":"","_seopress_robots_snippet":"","_seopress_robots_primary_cat":"","_seopress_robots_breadcrumbs":"","_seopress_robots_freeze_modified_date":"","_seopress_robots_custom_modified_date":"","_seopress_robots_canonical":"","_seopress_social_fb_title":"","_seopress_social_fb_desc":"","_seopress_social_fb_img":"","_seopress_social_fb_img_attachment_id":0,"_seopress_social_fb_img_width":0,"_seopress_social_fb_img_height":0,"_seopress_social_twitter_title":"","_seopress_social_twitter_desc":"","_seopress_social_twitter_img":"","_seopress_social_twitter_img_attachment_id":0,"_seopress_social_twitter_img_width":0,"_seopress_social_twitter_img_height":0,"_seopress_redirections_value":"","_seopress_redirections_enabled":"","_seopress_redirections_enabled_regex":"","_seopress_redirections_logged_status":"","_seopress_redirections_param":"","_seopress_redirections_type":0,"_seopress_analysis_target_kw":"","colormag_page_container_layout":"default_layout","colormag_page_sidebar_layout":"default_layout","footnotes":""},"categories":[1],"tags":[],"class_list":["post-102777","post","type-post","status-publish","format-standard","has-post-thumbnail","hentry","category-destacadas"],"acf":[],"_links":{"self":[{"href":"https:\/\/vocesparalelas.com.ar\/sitio\/wp-json\/wp\/v2\/posts\/102777","targetHints":{"allow":["GET"]}}],"collection":[{"href":"https:\/\/vocesparalelas.com.ar\/sitio\/wp-json\/wp\/v2\/posts"}],"about":[{"href":"https:\/\/vocesparalelas.com.ar\/sitio\/wp-json\/wp\/v2\/types\/post"}],"author":[{"embeddable":true,"href":"https:\/\/vocesparalelas.com.ar\/sitio\/wp-json\/wp\/v2\/users\/3"}],"replies":[{"embeddable":true,"href":"https:\/\/vocesparalelas.com.ar\/sitio\/wp-json\/wp\/v2\/comments?post=102777"}],"version-history":[{"count":1,"href":"https:\/\/vocesparalelas.com.ar\/sitio\/wp-json\/wp\/v2\/posts\/102777\/revisions"}],"predecessor-version":[{"id":102779,"href":"https:\/\/vocesparalelas.com.ar\/sitio\/wp-json\/wp\/v2\/posts\/102777\/revisions\/102779"}],"wp:featuredmedia":[{"embeddable":true,"href":"https:\/\/vocesparalelas.com.ar\/sitio\/wp-json\/wp\/v2\/media\/102778"}],"wp:attachment":[{"href":"https:\/\/vocesparalelas.com.ar\/sitio\/wp-json\/wp\/v2\/media?parent=102777"}],"wp:term":[{"taxonomy":"category","embeddable":true,"href":"https:\/\/vocesparalelas.com.ar\/sitio\/wp-json\/wp\/v2\/categories?post=102777"},{"taxonomy":"post_tag","embeddable":true,"href":"https:\/\/vocesparalelas.com.ar\/sitio\/wp-json\/wp\/v2\/tags?post=102777"}],"curies":[{"name":"wp","href":"https:\/\/api.w.org\/{rel}","templated":true}]}}