{"id":102769,"date":"2026-09-03T22:35:18","date_gmt":"2026-09-04T01:35:18","guid":{"rendered":"https:\/\/vocesparalelas.com.ar\/sitio\/?p=102769"},"modified":"2026-09-03T22:39:51","modified_gmt":"2026-09-04T01:39:51","slug":"ganadores-del-concurso-de-fotografia-en-el-parque-biodiversidad-de-san-juan","status":"publish","type":"post","link":"https:\/\/vocesparalelas.com.ar\/sitio\/ganadores-del-concurso-de-fotografia-en-el-parque-biodiversidad-de-san-juan\/","title":{"rendered":"Ganadores del Concurso de fotograf\u00eda en el Parque Biodiversidad de San Juan"},"content":{"rendered":"<p class=\"isSelectedEnd\">La Direcci\u00f3n de Ecolog\u00eda Urbana de la Secretar\u00eda de Ambiente y Desarrollo Sustentable dio a conocer los resultados del concurso de fotograf\u00eda \u201cMiradas del Parque\u201d.<\/p>\n<p class=\"isSelectedEnd\">La convocatoria tuvo como eje el registro de la biodiversidad y los paisajes del Parque de la Biodiversidad, para acercar a la comunidad al patrimonio natural de San Juan.<\/p>\n<p><strong><span style=\"color: #008000;\">Ganadores<\/span><\/strong><\/p>\n<p class=\"isSelectedEnd\">1\u00b0 Cristian Esquivel<\/p>\n<p class=\"isSelectedEnd\">2\u00b0 Flavia Videla<\/p>\n<p class=\"isSelectedEnd\">3\u00b0 Yamila Castro<\/p>\n<p class=\"isSelectedEnd\">4\u00b0 Ra\u00fal Caliva<\/p>\n<p class=\"isSelectedEnd\">El certamen cont\u00f3 con las categor\u00edas Amateur y Profesional y propuso tres tem\u00e1ticas: \u201cAguas de Vida\u201d, \u201cBiodiversidad\u201d y \u201cMiradas del Parque\u201d.<\/p>\n<p class=\"isSelectedEnd\">Los trabajos fueron evaluados por funcionarios de la Secretar\u00eda de Ambiente y Desarrollo Sustentable y fot\u00f3grafos profesionales. Se consideraron la composici\u00f3n, creatividad, calidad t\u00e9cnica, originalidad y relaci\u00f3n con las tem\u00e1ticas.<\/p>\n<p class=\"isSelectedEnd\">Como reconocimiento, los cuatro ganadores recibir\u00e1n premios de acuerdo con el puesto obtenido. Entre ellos se encuentran un proyector port\u00e1til, una mochila de campo, un termo y un bolso conservadora.<\/p>\n<p class=\"isSelectedEnd\">La propuesta permiti\u00f3 registrar distintas miradas sobre un espacio destinado a la conservaci\u00f3n y al v\u00ednculo de la comunidad con la naturaleza.<\/p>\n<p>De esta manera, el Parque de la Biodiversidad suma una iniciativa que promueve el conocimiento de sus ambientes y fortalece su valoraci\u00f3n por parte de los sanjuaninos.<\/p>\n<p>&nbsp;<\/p>\n<p><img loading=\"lazy\" decoding=\"async\" class=\"alignnone size-large wp-image-18375\" src=\"https:\/\/vocesparalelas.com.ar\/sitio\/wp-content\/uploads\/2019\/01\/AMBIENTE-CARTEL-800x496.jpg\" alt=\"\" width=\"800\" height=\"496\" srcset=\"https:\/\/vocesparalelas.com.ar\/sitio\/wp-content\/uploads\/2019\/01\/AMBIENTE-CARTEL-800x496.jpg 800w, https:\/\/vocesparalelas.com.ar\/sitio\/wp-content\/uploads\/2019\/01\/AMBIENTE-CARTEL-300x186.jpg 300w, https:\/\/vocesparalelas.com.ar\/sitio\/wp-content\/uploads\/2019\/01\/AMBIENTE-CARTEL-768x476.jpg 768w, https:\/\/vocesparalelas.com.ar\/sitio\/wp-content\/uploads\/2019\/01\/AMBIENTE-CARTEL.jpg 1000w\" sizes=\"auto, (max-width: 800px) 100vw, 800px\" \/><\/p>\n","protected":false},"excerpt":{"rendered":"<p>La Direcci\u00f3n de Ecolog\u00eda Urbana de la Secretar\u00eda de Ambiente y Desarrollo Sustentable dio a conocer los resultados del concurso<\/p>\n","protected":false},"author":3,"featured_media":55744,"comment_status":"closed","ping_status":"closed","sticky":false,"template":"","format":"standard","meta":{"_acf_changed":false,"_seopress_titles_title":"","_seopress_titles_desc":"","_seopress_robots_index":"","_seopress_robots_follow":"","_seopress_robots_imageindex":"","_seopress_robots_snippet":"","_seopress_robots_primary_cat":"","_seopress_robots_breadcrumbs":"","_seopress_robots_freeze_modified_date":"","_seopress_robots_custom_modified_date":"","_seopress_robots_canonical":"","_seopress_social_fb_title":"","_seopress_social_fb_desc":"","_seopress_social_fb_img":"","_seopress_social_fb_img_attachment_id":0,"_seopress_social_fb_img_width":0,"_seopress_social_fb_img_height":0,"_seopress_social_twitter_title":"","_seopress_social_twitter_desc":"","_seopress_social_twitter_img":"","_seopress_social_twitter_img_attachment_id":0,"_seopress_social_twitter_img_width":0,"_seopress_social_twitter_img_height":0,"_seopress_redirections_value":"","_seopress_redirections_enabled":"","_seopress_redirections_enabled_regex":"","_seopress_redirections_logged_status":"","_seopress_redirections_param":"","_seopress_redirections_type":0,"_seopress_analysis_target_kw":"","colormag_page_container_layout":"default_layout","colormag_page_sidebar_layout":"default_layout","footnotes":""},"categories":[1],"tags":[],"class_list":["post-102769","post","type-post","status-publish","format-standard","has-post-thumbnail","hentry","category-destacadas"],"acf":[],"_links":{"self":[{"href":"https:\/\/vocesparalelas.com.ar\/sitio\/wp-json\/wp\/v2\/posts\/102769","targetHints":{"allow":["GET"]}}],"collection":[{"href":"https:\/\/vocesparalelas.com.ar\/sitio\/wp-json\/wp\/v2\/posts"}],"about":[{"href":"https:\/\/vocesparalelas.com.ar\/sitio\/wp-json\/wp\/v2\/types\/post"}],"author":[{"embeddable":true,"href":"https:\/\/vocesparalelas.com.ar\/sitio\/wp-json\/wp\/v2\/users\/3"}],"replies":[{"embeddable":true,"href":"https:\/\/vocesparalelas.com.ar\/sitio\/wp-json\/wp\/v2\/comments?post=102769"}],"version-history":[{"count":4,"href":"https:\/\/vocesparalelas.com.ar\/sitio\/wp-json\/wp\/v2\/posts\/102769\/revisions"}],"predecessor-version":[{"id":102773,"href":"https:\/\/vocesparalelas.com.ar\/sitio\/wp-json\/wp\/v2\/posts\/102769\/revisions\/102773"}],"wp:featuredmedia":[{"embeddable":true,"href":"https:\/\/vocesparalelas.com.ar\/sitio\/wp-json\/wp\/v2\/media\/55744"}],"wp:attachment":[{"href":"https:\/\/vocesparalelas.com.ar\/sitio\/wp-json\/wp\/v2\/media?parent=102769"}],"wp:term":[{"taxonomy":"category","embeddable":true,"href":"https:\/\/vocesparalelas.com.ar\/sitio\/wp-json\/wp\/v2\/categories?post=102769"},{"taxonomy":"post_tag","embeddable":true,"href":"https:\/\/vocesparalelas.com.ar\/sitio\/wp-json\/wp\/v2\/tags?post=102769"}],"curies":[{"name":"wp","href":"https:\/\/api.w.org\/{rel}","templated":true}]}}