{"id":102763,"date":"2026-09-03T22:09:35","date_gmt":"2026-09-04T01:09:35","guid":{"rendered":"https:\/\/vocesparalelas.com.ar\/sitio\/?p=102763"},"modified":"2026-09-03T22:09:35","modified_gmt":"2026-09-04T01:09:35","slug":"apertura-de-sobres-para-construir-el-centro-de-control-unificado-entre-san-juan-y-mendoza","status":"publish","type":"post","link":"https:\/\/vocesparalelas.com.ar\/sitio\/apertura-de-sobres-para-construir-el-centro-de-control-unificado-entre-san-juan-y-mendoza\/","title":{"rendered":"Apertura de sobres para construir el Centro de Control Unificado entre San Juan y Mendoza"},"content":{"rendered":"<p>La apertura de sobres marca un nuevo avance para una obra de $5.158 millones, financiada en partes iguales por ambas provincias, que integrar\u00e1 controles de seguridad y fitosanitarios sobre la Ruta Nacional 40.<\/p>\n<p>San Juan y Mendoza avanzaron en la licitaci\u00f3n para la construcci\u00f3n del Centro de Control Unificado sobre la Ruta Nacional 40, con la apertura de las ofertas presentadas por 10 empresas interesadas en ejecutar la obra. El proyecto contempla una inversi\u00f3n de $5.158.724.000 y un plazo de ejecuci\u00f3n de 12 meses.<\/p>\n<p>El futuro complejo estar\u00e1 ubicado en el kil\u00f3metro 42, en San Jos\u00e9, Las Heras, y permitir\u00e1 concentrar en un mismo espacio los controles policiales y fitosanitarios de ambas provincias. La iniciativa busca agilizar la circulaci\u00f3n, reducir los tiempos de espera y fortalecer las capacidades de seguridad en uno de los principales corredores de conexi\u00f3n y movimiento productivo de Cuyo.<\/p>\n<p>La apertura de sobres da inicio ahora a la etapa de evaluaci\u00f3n t\u00e9cnica y administrativa de las 10 propuestas. La obra contempla nuevos puestos de control, \u00e1reas de inspecci\u00f3n, playas diferenciadas para distintos tipos de veh\u00edculos, una Sala de Control Conjunta y mejoras en la infraestructura vial.<\/p>\n<p>El proyecto forma parte del trabajo conjunto que ambas provincias vienen desarrollando para fortalecer la seguridad regional y avanzar hacia controles m\u00e1s coordinados. \u201cLa seguridad no tiene fronteras\u201d sintetiza el esp\u00edritu de una obra que busca integrar capacidades, cuidar la producci\u00f3n y mejorar la experiencia de quienes transitan entre San Juan, Mendoza y el resto de Cuyo.<\/p>\n<p>&nbsp;<\/p>\n<p><img loading=\"lazy\" decoding=\"async\" class=\"alignnone size-full wp-image-65642\" src=\"https:\/\/vocesparalelas.com.ar\/sitio\/wp-content\/uploads\/2023\/11\/GOBIERNO-SAN-JUAN.jpg\" alt=\"\" width=\"800\" height=\"600\" srcset=\"https:\/\/vocesparalelas.com.ar\/sitio\/wp-content\/uploads\/2023\/11\/GOBIERNO-SAN-JUAN.jpg 800w, https:\/\/vocesparalelas.com.ar\/sitio\/wp-content\/uploads\/2023\/11\/GOBIERNO-SAN-JUAN-300x225.jpg 300w, https:\/\/vocesparalelas.com.ar\/sitio\/wp-content\/uploads\/2023\/11\/GOBIERNO-SAN-JUAN-768x576.jpg 768w\" sizes=\"auto, (max-width: 800px) 100vw, 800px\" \/><\/p>\n","protected":false},"excerpt":{"rendered":"<p>La apertura de sobres marca un nuevo avance para una obra de $5.158 millones, financiada en partes iguales por ambas<\/p>\n","protected":false},"author":3,"featured_media":102764,"comment_status":"closed","ping_status":"closed","sticky":false,"template":"","format":"standard","meta":{"_acf_changed":false,"_seopress_titles_title":"","_seopress_titles_desc":"","_seopress_robots_index":"","_seopress_robots_follow":"","_seopress_robots_imageindex":"","_seopress_robots_snippet":"","_seopress_robots_primary_cat":"","_seopress_robots_breadcrumbs":"","_seopress_robots_freeze_modified_date":"","_seopress_robots_custom_modified_date":"","_seopress_robots_canonical":"","_seopress_social_fb_title":"","_seopress_social_fb_desc":"","_seopress_social_fb_img":"","_seopress_social_fb_img_attachment_id":0,"_seopress_social_fb_img_width":0,"_seopress_social_fb_img_height":0,"_seopress_social_twitter_title":"","_seopress_social_twitter_desc":"","_seopress_social_twitter_img":"","_seopress_social_twitter_img_attachment_id":0,"_seopress_social_twitter_img_width":0,"_seopress_social_twitter_img_height":0,"_seopress_redirections_value":"","_seopress_redirections_enabled":"","_seopress_redirections_enabled_regex":"","_seopress_redirections_logged_status":"","_seopress_redirections_param":"","_seopress_redirections_type":0,"_seopress_analysis_target_kw":"","colormag_page_container_layout":"default_layout","colormag_page_sidebar_layout":"default_layout","footnotes":""},"categories":[1],"tags":[],"class_list":["post-102763","post","type-post","status-publish","format-standard","has-post-thumbnail","hentry","category-destacadas"],"acf":[],"_links":{"self":[{"href":"https:\/\/vocesparalelas.com.ar\/sitio\/wp-json\/wp\/v2\/posts\/102763","targetHints":{"allow":["GET"]}}],"collection":[{"href":"https:\/\/vocesparalelas.com.ar\/sitio\/wp-json\/wp\/v2\/posts"}],"about":[{"href":"https:\/\/vocesparalelas.com.ar\/sitio\/wp-json\/wp\/v2\/types\/post"}],"author":[{"embeddable":true,"href":"https:\/\/vocesparalelas.com.ar\/sitio\/wp-json\/wp\/v2\/users\/3"}],"replies":[{"embeddable":true,"href":"https:\/\/vocesparalelas.com.ar\/sitio\/wp-json\/wp\/v2\/comments?post=102763"}],"version-history":[{"count":1,"href":"https:\/\/vocesparalelas.com.ar\/sitio\/wp-json\/wp\/v2\/posts\/102763\/revisions"}],"predecessor-version":[{"id":102765,"href":"https:\/\/vocesparalelas.com.ar\/sitio\/wp-json\/wp\/v2\/posts\/102763\/revisions\/102765"}],"wp:featuredmedia":[{"embeddable":true,"href":"https:\/\/vocesparalelas.com.ar\/sitio\/wp-json\/wp\/v2\/media\/102764"}],"wp:attachment":[{"href":"https:\/\/vocesparalelas.com.ar\/sitio\/wp-json\/wp\/v2\/media?parent=102763"}],"wp:term":[{"taxonomy":"category","embeddable":true,"href":"https:\/\/vocesparalelas.com.ar\/sitio\/wp-json\/wp\/v2\/categories?post=102763"},{"taxonomy":"post_tag","embeddable":true,"href":"https:\/\/vocesparalelas.com.ar\/sitio\/wp-json\/wp\/v2\/tags?post=102763"}],"curies":[{"name":"wp","href":"https:\/\/api.w.org\/{rel}","templated":true}]}}