{"id":102758,"date":"2026-09-03T20:27:37","date_gmt":"2026-09-03T23:27:37","guid":{"rendered":"https:\/\/vocesparalelas.com.ar\/sitio\/?p=102758"},"modified":"2026-09-03T22:01:33","modified_gmt":"2026-09-04T01:01:33","slug":"hacia-el-nuevo-regimen-penal-juvenil-de-san-juan","status":"publish","type":"post","link":"https:\/\/vocesparalelas.com.ar\/sitio\/hacia-el-nuevo-regimen-penal-juvenil-de-san-juan\/","title":{"rendered":"Hacia el Nuevo R\u00e9gimen Penal Juvenil de San Juan"},"content":{"rendered":"<p>La Asesor\u00eda Letrada de Gobierno convoc\u00f3 a representantes de distintas \u00e1reas gubernamentales de la Provincia de San Juan que tienen injerencia en la aplicaci\u00f3n de la nueva Ley Penal Juvenil, con el objetivo de acordar los temas a tratar en la primera reuni\u00f3n de trabajo ampliada, vinculados con su implementaci\u00f3n, que es convocada en la semana pr\u00f3xima, en fecha a confirmar<\/p>\n<p>El nuevo R\u00e9gimen Penal Juvenil en Argentina (Ley 27.801) entrar\u00e1 en vigencia plena el 5 de Septiembre de 2026, reemplazando al sistema tutelar vigente desde 1980 y estableciendo la edad de imputabilidad para adolescentes desde los 14 y hasta los 18 a\u00f1os frente a delitos tipificados en el C\u00f3digo Penal.<\/p>\n<p>En este sentido, la Corte de Justicia local comunic\u00f3 la decisi\u00f3n de elaborar una acordada para establecer, de manera provisoria, los primeros pasos para la aplicaci\u00f3n de la nueva ley, hasta tanto se sancione un c\u00f3digo procesal juvenil para la provincia.<\/p>\n<p>En este marco, se realiz\u00f3 una reuni\u00f3n preliminar de trabajo en la Asesor\u00eda Letrada de Gobierno, con la participaci\u00f3n de representantes de las \u00e1reas vinculadas en San Juan al establecimiento del nuevo r\u00e9gimen penal juvenil.<\/p>\n<p>El encuentro estuvo presidido por el asesor Letrado General de Gobierno, Dr. Alejandro Ferrari; la jueza Penal de Ni\u00f1ez y Adolescencia de la Segunda Nominaci\u00f3n, Dra. Mar\u00eda Julia Camus; el subsecretario de Inspecci\u00f3n y Control de Gesti\u00f3n de la Seguridad P\u00fablica, Dr. Dami\u00e1n Villavicencio; el abogado penalista Fernando Castro; el diputado Provincial Dr. Juan de la Cruz C\u00f3rdoba; la directora de Ni\u00f1ez, Adolescencia y Familia, Dra. Raquel Trincado; el director de la Defensor\u00eda Nacional de los Derechos de Ni\u00f1os, Ni\u00f1as y Adolescentes, Dr. Daniel Molina; el Asesor Letrado Adjunto del Gobierno de San Juan, Dr. Facundo Rojas Clari\u00e1; el fiscal General de la Corte de Justicia, Dr. Guillermo Baigorr\u00ed; y el secretario de Seguridad y Orden P\u00fablico, Dr. Enrique Alejandro Delgado.<\/p>\n<p>Durante el encuentro, las partes involucradas analizaron los distintos aspectos relacionados con la aplicaci\u00f3n de la nueva Ley en la provincia y acordaron realizar una nueva reuni\u00f3n en breve para evaluar distintas alternativas para el dictado de un c\u00f3digo de procedimiento penal juvenil en San Juan.<\/p>\n<p>\u201cEs necesario llegar a un acuerdo para coordinar acciones en pos de lograr lo mejor para los menores y para la seguridad de la sociedad sanjuanina tambi\u00e9n\u201d, expres\u00f3 el Asesor Letrado de Gobierno.<\/p>\n<p>&nbsp;<\/p>\n<p><img loading=\"lazy\" decoding=\"async\" class=\"alignnone size-full wp-image-65642\" src=\"https:\/\/vocesparalelas.com.ar\/sitio\/wp-content\/uploads\/2023\/11\/GOBIERNO-SAN-JUAN.jpg\" alt=\"\" width=\"800\" height=\"600\" srcset=\"https:\/\/vocesparalelas.com.ar\/sitio\/wp-content\/uploads\/2023\/11\/GOBIERNO-SAN-JUAN.jpg 800w, https:\/\/vocesparalelas.com.ar\/sitio\/wp-content\/uploads\/2023\/11\/GOBIERNO-SAN-JUAN-300x225.jpg 300w, https:\/\/vocesparalelas.com.ar\/sitio\/wp-content\/uploads\/2023\/11\/GOBIERNO-SAN-JUAN-768x576.jpg 768w\" sizes=\"auto, (max-width: 800px) 100vw, 800px\" \/><\/p>\n","protected":false},"excerpt":{"rendered":"<p>La Asesor\u00eda Letrada de Gobierno convoc\u00f3 a representantes de distintas \u00e1reas gubernamentales de la Provincia de San Juan que tienen<\/p>\n","protected":false},"author":3,"featured_media":102759,"comment_status":"closed","ping_status":"closed","sticky":false,"template":"","format":"standard","meta":{"_acf_changed":false,"_seopress_titles_title":"","_seopress_titles_desc":"","_seopress_robots_index":"","_seopress_robots_follow":"","_seopress_robots_imageindex":"","_seopress_robots_snippet":"","_seopress_robots_primary_cat":"","_seopress_robots_breadcrumbs":"","_seopress_robots_freeze_modified_date":"","_seopress_robots_custom_modified_date":"","_seopress_robots_canonical":"","_seopress_social_fb_title":"","_seopress_social_fb_desc":"","_seopress_social_fb_img":"","_seopress_social_fb_img_attachment_id":0,"_seopress_social_fb_img_width":0,"_seopress_social_fb_img_height":0,"_seopress_social_twitter_title":"","_seopress_social_twitter_desc":"","_seopress_social_twitter_img":"","_seopress_social_twitter_img_attachment_id":0,"_seopress_social_twitter_img_width":0,"_seopress_social_twitter_img_height":0,"_seopress_redirections_value":"","_seopress_redirections_enabled":"","_seopress_redirections_enabled_regex":"","_seopress_redirections_logged_status":"","_seopress_redirections_param":"","_seopress_redirections_type":0,"_seopress_analysis_target_kw":"","colormag_page_container_layout":"default_layout","colormag_page_sidebar_layout":"default_layout","footnotes":""},"categories":[1],"tags":[],"class_list":["post-102758","post","type-post","status-publish","format-standard","has-post-thumbnail","hentry","category-destacadas"],"acf":[],"_links":{"self":[{"href":"https:\/\/vocesparalelas.com.ar\/sitio\/wp-json\/wp\/v2\/posts\/102758","targetHints":{"allow":["GET"]}}],"collection":[{"href":"https:\/\/vocesparalelas.com.ar\/sitio\/wp-json\/wp\/v2\/posts"}],"about":[{"href":"https:\/\/vocesparalelas.com.ar\/sitio\/wp-json\/wp\/v2\/types\/post"}],"author":[{"embeddable":true,"href":"https:\/\/vocesparalelas.com.ar\/sitio\/wp-json\/wp\/v2\/users\/3"}],"replies":[{"embeddable":true,"href":"https:\/\/vocesparalelas.com.ar\/sitio\/wp-json\/wp\/v2\/comments?post=102758"}],"version-history":[{"count":3,"href":"https:\/\/vocesparalelas.com.ar\/sitio\/wp-json\/wp\/v2\/posts\/102758\/revisions"}],"predecessor-version":[{"id":102762,"href":"https:\/\/vocesparalelas.com.ar\/sitio\/wp-json\/wp\/v2\/posts\/102758\/revisions\/102762"}],"wp:featuredmedia":[{"embeddable":true,"href":"https:\/\/vocesparalelas.com.ar\/sitio\/wp-json\/wp\/v2\/media\/102759"}],"wp:attachment":[{"href":"https:\/\/vocesparalelas.com.ar\/sitio\/wp-json\/wp\/v2\/media?parent=102758"}],"wp:term":[{"taxonomy":"category","embeddable":true,"href":"https:\/\/vocesparalelas.com.ar\/sitio\/wp-json\/wp\/v2\/categories?post=102758"},{"taxonomy":"post_tag","embeddable":true,"href":"https:\/\/vocesparalelas.com.ar\/sitio\/wp-json\/wp\/v2\/tags?post=102758"}],"curies":[{"name":"wp","href":"https:\/\/api.w.org\/{rel}","templated":true}]}}