{"id":102743,"date":"2026-09-02T19:45:26","date_gmt":"2026-09-02T22:45:26","guid":{"rendered":"https:\/\/vocesparalelas.com.ar\/sitio\/?p=102743"},"modified":"2026-09-02T19:45:26","modified_gmt":"2026-09-02T22:45:26","slug":"se-desarrolla-la-novena-sesion-ordinaria-de-la-camara-de-diputados-de-san-juan","status":"publish","type":"post","link":"https:\/\/vocesparalelas.com.ar\/sitio\/se-desarrolla-la-novena-sesion-ordinaria-de-la-camara-de-diputados-de-san-juan\/","title":{"rendered":"Se desarrolla la Novena Sesi\u00f3n Ordinaria de la C\u00e1mara de Diputados de San Juan"},"content":{"rendered":"<p>La C\u00e1mara de Diputados de San Juan celebrar\u00e1, este jueves 3 de septiembre, a partir de las 10 horas, la Novena Sesi\u00f3n Ordinaria, en cuyo transcurso tratar\u00e1n diversos proyectos presentados.<\/p>\n<p>El cuerpo legislativo invita a toda la comunidad a seguir la transmisi\u00f3n en vivo de la sesi\u00f3n a trav\u00e9s de su canal oficial de YouTube<\/p>\n<p><iframe loading=\"lazy\" title=\"9\u00aa Sesi\u00f3n Per\u00edodo Ordinaria - 3 de septiembre 2026.\" width=\"800\" height=\"450\" src=\"https:\/\/www.youtube.com\/embed\/QMPGNbv3PlM?feature=oembed\" frameborder=\"0\" allow=\"accelerometer; autoplay; clipboard-write; encrypted-media; gyroscope; picture-in-picture; web-share\" referrerpolicy=\"strict-origin-when-cross-origin\" allowfullscreen><\/iframe><\/p>\n<p><strong><span style=\"color: #800080;\">Temas del Orden del D\u00eda<\/span><\/strong><\/p>\n<p><strong><span style=\"color: #800080;\">Imposici\u00f3n de nombres a escuelas\u00a0<\/span><\/strong><\/p>\n<p>Con despacho en conjunto de las comisiones de Educaci\u00f3n, Ciencia, T\u00e9cnica y Cultura y Peticiones y Poderes, el cuerpo legislativo tratar\u00e1 dos proyectos de Ley que proponen imponer los siguientes nombres a instituciones educativas:<\/p>\n<ul>\n<li>\u201cOFELIA ZUCCOLI\u201d, a la Escuela Primaria Nuevo Cuyo, turno tarde, ubicada en el departamento Rivadavia, dependiente de la Direcci\u00f3n de Educaci\u00f3n Primaria del Ministerio de Educaci\u00f3n de la provincia de San Juan. (Poder Ejecutivo)<\/li>\n<li>CAMINO DE LOS ANDES, a la Escuela de Educaci\u00f3n Especial M\u00faltiple, localidad Barreal, departamento Calingasta. (Bloque Justicialista)<\/li>\n<\/ul>\n<p><strong><span style=\"color: #800080;\">Convenio con la C\u00e1mara de Servicios Mineros de San Juan<\/span><\/strong><\/p>\n<p>Con despacho en conjunto de las Comisiones de Legislaci\u00f3n y Asuntos Constitucionales, Desarrollo Humano y Laboral, y Miner\u00eda y Energ\u00eda, la Legislatura tratar\u00e1 una Comunicaci\u00f3n Oficial remitida por el Poder Ejecutivo, mediante mensaje N\u00b0 33, por el que se somete a consideraci\u00f3n el Convenio de Cooperaci\u00f3n, suscripto entre el Ministerio de Familia y Desarrollo Humano y la C\u00e1mara de Servicios Mineros de San Juan.<\/p>\n<p>El presente acuerdo tiene por objeto establecer un marco de cooperaci\u00f3n y asistencia rec\u00edproca entre las partes, a fin de coordinar, planificar y ejecutar acciones conjuntas orientadas al fortalecimiento del sector, emprendedor de la econom\u00eda social de la Provincia de San Juan.<\/p>\n<p><strong><span style=\"color: #800080;\">Las partes se comprometen espec\u00edficamente a:\u00a0<\/span><\/strong><\/p>\n<ul>\n<li>Facilitar el acceso de los emprendedores inscriptos en el Registro Provincial de Emprendedores de la Econom\u00eda Social a recursos institucionales, log\u00edstico, t\u00e9cnicos que contribuyan a la mejora de sus capacidades productivas y comerciales.<\/li>\n<li>Organizar y desarrollar actividades de formaci\u00f3n, capacitaci\u00f3n y asistencia t\u00e9cnica en temas vinculados a la gesti\u00f3n empresarial, comercializaci\u00f3n, innovaci\u00f3n y desarrollo productivo.<\/li>\n<li>Implementar mecanismos de asistencia directa para el desarrollo y sostenibilidad de proyectos productivos, priorizando aquellos con impacto comunitario y social.<\/li>\n<li>Promover la generaci\u00f3n de redes de colaboraci\u00f3n entre los actores vinculados a la econom\u00eda social y solidaria.<\/li>\n<\/ul>\n<p><span style=\"color: #800080;\"><strong>Proyectos de Resoluci\u00f3n<\/strong><\/span><\/p>\n<p>En la Novena Sesi\u00f3n, los legisladores tratar\u00e1n los siguientes proyectos de Resoluci\u00f3n que proponen declarar de inter\u00e9s:<\/p>\n<ul>\n<li><span style=\"color: #800080;\"><strong>Educativo, Cultural y Literario Provincial<\/strong><\/span> la saga \u00abEl Diario de Leonard Flint\u00bb, del autor Leonardo Ezequiel Karam Alba, editada por la editorial Tinta de Luz en la provincia de Mendoza, por su aporte al desarrollo de la literatura fant\u00e1stica, la promoci\u00f3n de la lectura y la construcci\u00f3n de universos narrativos que fomentan la imaginaci\u00f3n, la reflexi\u00f3n y el crecimiento personal. (Bloque Bloquista)<\/li>\n<li><strong><span style=\"color: #800080;\">Cultural, social y literario<\/span><\/strong> el libro \u201cIluso so\u00f1ador de abril\u201d, de autor\u00eda de Juan Manuel Galv\u00e1n, por su valioso aporte a la cultura, la literatura y la reflexi\u00f3n humana. (Bloque Bloquista)<\/li>\n<li><strong><span style=\"color: #800080;\">Cultural, social, acad\u00e9mico y literario<\/span><\/strong> el libro \u201cUniverso Compol II: el surgimiento o el renacimiento de la pol\u00edtica\u201d, de autor\u00eda de Nadia Soledad Brizuela, por su valioso aporte al an\u00e1lisis de la comunicaci\u00f3n pol\u00edtica, la reflexi\u00f3n democr\u00e1tica y el pensamiento cr\u00edtico contempor\u00e1neo. (Bloque Bloquista)<\/li>\n<li><strong><span style=\"color: #800080;\">Cultural y educativo,<\/span><\/strong> el Dispositivo pedag\u00f3gico: Teatro + Conversatorio llamado El Viejo de la Bolsa, que se lleva a cabo el d\u00eda 2 de septiembre de 2026, en el Cine Teatro Municipal. (Interbloque Cambia San Juan)<\/li>\n<li><strong><span style=\"color: #800080;\">Cultural y educativo,<\/span><\/strong> al Dispositivo pedag\u00f3gico: Teatro + Conversatorio llamado M\u00e9dico a Palos, que se lleva a cabo el d\u00eda 2 de septiembre de 2026, en el Cine Teatro Municipal. (Interbloque Cambia San Juan)<\/li>\n<li><span style=\"color: #800080;\">Social, econ\u00f3mico y productivo<\/span> la V Edici\u00f3n del M\u00e9rito Empresarial, que se lleva a cabo el 31 de octubre del corriente a\u00f1o, en el Sal\u00f3n Eufemia, departamento Albard\u00f3n. (Interbloque Cambia San Juan)<\/li>\n<li><span style=\"color: #800080;\"><strong>Social y cultural<\/strong> <\/span>el Festival del Inmigrante, que se lleva a cabo el d\u00eda 5 de septiembre del 2026, en la Plaza de Sol de Parque de Mayo. (Interbloque Cambia San Juan)<\/li>\n<li><strong><span style=\"color: #800080;\">Social y educativo<\/span><\/strong> el III Congreso Regional de Enfermer\u00eda, bajo el lema \u00abInnovar para cuidar, liderar para transformar. Ampliando horizontes de la enfermer\u00eda de vanguardia, organizado por el Departamento de Enfermer\u00eda del Hospital P\u00fablico Descentralizado Dr. Guillermo Rawson, a desarrollarse los d\u00edas 9 y 10 de septiembre de 2026, en las instalaciones del Museo Provincial de Bellas Artes. (Interbloque Cambia San Juan)<\/li>\n<li><strong><span style=\"color: #800080;\">Productivo, profesional, educativo y cultural<\/span><\/strong> el evento denominado Vinos &amp; Habilidades Blandas: Sunset &amp; Networking, organizado por el Consejo Profesional de Ciencias Econ\u00f3micas de San Juan, (CPCESJ), a realizarse el d\u00eda 6 de noviembre de 2026, en las instalaciones de Villa Don Tom\u00e1s Apart Hotel, de la Provincia de San Juan. (Bloque San Juan Vuelve)<\/li>\n<li><span style=\"color: #800080;\"><strong>Cultural y social<\/strong><\/span>, Las III Jornadas de Terapia Ocupacional San Juan 2026 &#8211; Saberes que se Transforman en Pr\u00e1ctica, organizadas por la Carrera de Licenciatura en Terapia Ocupacional de la Universidad Cat\u00f3lica de Cuyo -Facultad de Ciencias M\u00e9dicas, a desarrollarse los d\u00edas 9 y 10 de septiembre de 2026 en la Provincia de San Juan. (Bloque Bloquista)<\/li>\n<li><span style=\"color: #800080;\"><strong>Hist\u00f3rico, social, cultural y tur\u00edstico<\/strong><\/span>, la Fiesta por el 118\u00b0 Aniversario del Departamento Sarmiento, que se lleva a cabo desde el 29 hasta el 30 de agosto de 2026. (Interbloque Cambia San Juan)<\/li>\n<li><strong><span style=\"color: #800080;\">Educativo y cultural<\/span> <\/strong>la participaci\u00f3n de Luca Amir Silva Ag\u00fcero, Camita Alel\u00ed G\u00f3mez D\u00edaz y Mar\u00eda Emilce Correa Mu\u00f1oz; como representantes de la Provincia de San Juan en el XX Festival Mundial de la Juventud 2026, que se desarrolla del 11 al 17 de septiembre de 2026 en la ciudad de Ekaterimburgo, Federaci\u00f3n de Rusia. (Bloque Justicialista)<\/li>\n<li><span style=\"color: #800080;\"><strong>Social, cultural e hist\u00f3rico<\/strong><\/span>, las actividades que se llevan a cabo con motivo de conmemorarse el 84\u00b0 Aniversario de la Creaci\u00f3n del Departamento Rawson, el d\u00eda 4 de septiembre del corriente a\u00f1o. (Bloque Justicialista)<\/li>\n<li><span style=\"color: #800080;\"><strong>Cultural, recreativo y educativo<\/strong> <\/span>el Programa Radial Un Sol Nos Sonr\u00ede, que se trasmite los d\u00edas martes y jueves de por Radio Presidente Arturo IIIia 93.3 FM de provincia de San Juan. (Interbloque Cambia San Juan)<\/li>\n<li><strong><span style=\"color: #800080;\">Educativo, cultural y social<\/span> <\/strong>los actos a realizarse en conmemoraci\u00f3n por el 100\u00ba Aniversario de la Escuela Luis Jorge Fontana, a realizarse el 4 de septiembre del corriente a\u00f1o, en dicho establecimiento educativo. (Interbloque Cambia San Juan)<\/li>\n<li><span style=\"color: #800080;\"><strong>Religioso, cultural social y recreativo<\/strong> <\/span>a la XLVI Peregrinaci\u00f3n Arquidiocesana de J\u00f3venes, bajo el lema \u00abSo\u00f1ados por Dios, enviados al mundo\u201d, organizado por el equipo de pastoral de Juventud Arquidiocesana; a desarrollarse el 6 de septiembre del corriente a\u00f1o. (Bloque Crecer)<\/li>\n<li><strong><span style=\"color: #800080;\">Social y educativo<\/span><\/strong> las actividades a llevarse a cabo en el marco de las 90\u00ba Jornadas Nacionales de Sostenibilidad y 1\u00b0 Jornadas Nacionales de \u00c9tica y Compliance, bajo el lema \u00abLiderar con Valor El profesional como motor del desarrollo\u201d, organizadas por el Consejo Profesional de Ciencias Econ\u00f3micas de San Juan, a desarrollarse los d\u00edas 2 y 3 de octubre de 2026. (Interbloque Cambia San Juan)<\/li>\n<li><strong><span style=\"color: #800080;\">Deportivo, tur\u00edstico y social<\/span><\/strong> la carrera homenaje Henry Martin, en el marco de la octava fecha del 47\u00b0 Campeonato de TC2000, con la participaci\u00f3n de Top Race y Fiat Competizione, que tendr\u00e1 lugar los d\u00edas 26 y 27 de septiembre de 2026, en el Aut\u00f3dromoEl Zonda\u00bb Eduardo Copello, departamento Rivadavia. (Interbloque Cambia San Juan)<\/li>\n<\/ul>\n<p><span style=\"color: #800080;\"><strong>Proyectos que ingresan a comisiones<\/strong><\/span><\/p>\n<p>Por \u00faltimo, tomar\u00e1n estado parlamentario los siguientes proyectos:<\/p>\n<ul>\n<li>1973-2026 Comunicaci\u00f3n Oficial remitida por el Poder Ejecutivo, mediante Mensaje N\u00b0\u00a036, por la que se somete a consideraci\u00f3n el Convenio Marco de Cooperaci\u00f3n y el Acta Complementaria Acuerdo de Capacitaci\u00f3n en Dermatolog\u00eda Pedi\u00e1trica, celebrado entre el Ministerio de Salud de la provincia de San Juan y el Hospital de Ni\u00f1os Dr. Ricardo Guti\u00e9rrez. (Comisiones: Legislaci\u00f3n y Asuntos Constitucionales\/ Salud y Discapacidad)<\/li>\n<li>2018-2026 Comunicaci\u00f3n Oficial remitida por el Poder Ejecutivo, mediante Mensaje N\u00b0\u00a037, por la que se somete a consideraci\u00f3n la Carta de Acuerdo (CDA) celebrada entre la\u00a0Organizaci\u00f3n de las Naciones Unidas para la Alimentaci\u00f3n y la Agricultura (FAO) y el\u00a0Gobierno de la provincia de San Juan. (Comisiones: Legislaci\u00f3n y Asuntos Constitucionales\/ Agricultura y Ganader\u00eda\/Hacienda y Presupuesto).<\/li>\n<li>2077-2026 Comunicaci\u00f3n Oficial remitida por el Consejo de la Magistratura, por la que\u00a0se eleva terna para cubrir vacante del cargo de Juez de C\u00e1mara de Apelaciones de Paz.\u00a0(Comisi\u00f3n: Justicia y Seguridad).<\/li>\n<li>2082-2026 Comunicaci\u00f3n Oficial remitida por el Poder Ejecutivo, mediante Mensaje N\u00b038, por la que se somete a consideraci\u00f3n el Convenio Espec\u00edfico, suscripto entre el\u00a0Ministerio de Familia y Desarrollo Humano de la provincia de San Juan y la Municipalidad\u00a0de Rivadavia. (Comisiones: Legislaci\u00f3n y Asuntos Constitucionales\/ Desarrollo Humano y Laboral).<\/li>\n<li>2083-2026 Comunicaci\u00f3n Oficial remitida por el Poder Ejecutivo, mediante Mensaje N\u00b0\u00a039, por la que se remite Proyecto de Ley que impone el nombre Escuela de Educaci\u00f3n\u00a0Secundaria General Jos\u00e9 de San Mart\u00edn a la Escuela 17 de Agosto, localidad Las Flores,\u00a0Departamento Iglesia. (Comisiones: \u00a0Educaci\u00f3n, Ciencia, T\u00e9cnica y Cultura\/ Peticiones y Poderes).<\/li>\n<li>2112-2026 Comunicaci\u00f3n Oficial remitida por el Concejo Deliberante de la Municipalidad\u00a0de Caucete, por la que se presenta Declaraci\u00f3n N\u00b0 194CD\/2026 de acompa\u00f1amiento\u00a0institucional a la ratificaci\u00f3n efectuada por la C\u00e1mara de Diputados del acuerdo celebrado\u00a0entre Vicu\u00f1a Argentina S.A. y el Gobierno de la Provincia. (A conocimiento).<\/li>\n<li>2133-2026 Comunicaci\u00f3n Oficial remitida por el Poder Ejecutivo, mediante Mensaje N\u00b0 40, por la que se somete a consideraci\u00f3n el Convenio Marco de Colaboraci\u00f3n celebrado\u00a0entre la Defensor\u00eda de los Derechos de las Ni\u00f1as, Ni\u00f1os y Adolescentes y el Gobierno de\u00a0la provincia de San Juan. (Comisiones: \u00a0Legislaci\u00f3n y Asuntos Constitucionales\/ Desarrollo Humano y Laboral).<\/li>\n<li>2134-2026 Comunicaci\u00f3n Oficial remitida por el Poder Ejecutivo, mediante Mensaje N\u00b0\u00a041, por la que se somete a consideraci\u00f3n el Convenio Memor\u00e1ndum de Entendimiento\u00a0suscripto entre el Fondo de las Naciones Unidas para la Infancia y el Gobierno de la\u00a0provincia de San Juan. (Comisiones: Legislaci\u00f3n y Asuntos Constitucionales\/ Desarrollo Humano y Laboral).<\/li>\n<li>1995-2026 Comunicaci\u00f3n Particular presentada por la Sra. Estela Nancy D\u00edaz, por la que\u00a0se presenta Comunicaci\u00f3n N\u00b0 1070\/26 del Concejo Deliberante de la Municipalidad de\u00a0Rawson. (A Conocimiento).<\/li>\n<li>2004-2026 Comunicaci\u00f3n Particular presentada por la Sra. Bel\u00e9n Varela, por la que se\u00a0presenta anteproyecto de Ley de Control Ciudadano Minero de San Juan. \u00a0(A Conocimiento).<\/li>\n<li>2038-2026 Comunicaci\u00f3n Particular presentada por la Sra. Estela Nancy D\u00edaz, por la que\u00a0solicita tratamiento del Expediente N\u00ba 2302\/2025. (A Conocimiento).<\/li>\n<li>2108-2026 Comunicaci\u00f3n Particular presentada por la Sra. Estela Nancy D\u00edaz, por la que\u00a0se presentan planillas con avales en apoyo a la solicitud del tratamiento y despacho del\u00a0Expediente N\u00b0 2302\/2025. (A Conocimiento).<\/li>\n<\/ul>\n<figure id=\"attachment_37951\" aria-describedby=\"caption-attachment-37951\" style=\"width: 800px\" class=\"wp-caption alignnone\"><img loading=\"lazy\" decoding=\"async\" class=\"size-full wp-image-37951\" src=\"https:\/\/vocesparalelas.com.ar\/sitio\/wp-content\/uploads\/2021\/05\/CAMARA-EDIFICIO.jpg\" alt=\"\" width=\"800\" height=\"515\" srcset=\"https:\/\/vocesparalelas.com.ar\/sitio\/wp-content\/uploads\/2021\/05\/CAMARA-EDIFICIO.jpg 800w, https:\/\/vocesparalelas.com.ar\/sitio\/wp-content\/uploads\/2021\/05\/CAMARA-EDIFICIO-300x193.jpg 300w, https:\/\/vocesparalelas.com.ar\/sitio\/wp-content\/uploads\/2021\/05\/CAMARA-EDIFICIO-768x494.jpg 768w\" sizes=\"auto, (max-width: 800px) 100vw, 800px\" \/><figcaption id=\"caption-attachment-37951\" class=\"wp-caption-text\">Legislatura Provincial de San Juan, Rep\u00fablica Argentina<\/figcaption><\/figure>\n<p>&nbsp;<\/p>\n","protected":false},"excerpt":{"rendered":"<p>La C\u00e1mara de Diputados de San Juan celebrar\u00e1, este jueves 3 de septiembre, a partir de las 10 horas, la<\/p>\n","protected":false},"author":3,"featured_media":8062,"comment_status":"closed","ping_status":"closed","sticky":false,"template":"","format":"standard","meta":{"_acf_changed":false,"_seopress_titles_title":"","_seopress_titles_desc":"","_seopress_robots_index":"","_seopress_robots_follow":"","_seopress_robots_imageindex":"","_seopress_robots_snippet":"","_seopress_robots_primary_cat":"","_seopress_robots_breadcrumbs":"","_seopress_robots_freeze_modified_date":"","_seopress_robots_custom_modified_date":"","_seopress_robots_canonical":"","_seopress_social_fb_title":"","_seopress_social_fb_desc":"","_seopress_social_fb_img":"","_seopress_social_fb_img_attachment_id":0,"_seopress_social_fb_img_width":0,"_seopress_social_fb_img_height":0,"_seopress_social_twitter_title":"","_seopress_social_twitter_desc":"","_seopress_social_twitter_img":"","_seopress_social_twitter_img_attachment_id":0,"_seopress_social_twitter_img_width":0,"_seopress_social_twitter_img_height":0,"_seopress_redirections_value":"","_seopress_redirections_enabled":"","_seopress_redirections_enabled_regex":"","_seopress_redirections_logged_status":"","_seopress_redirections_param":"","_seopress_redirections_type":0,"_seopress_analysis_target_kw":"","colormag_page_container_layout":"default_layout","colormag_page_sidebar_layout":"default_layout","footnotes":""},"categories":[1,7],"tags":[],"class_list":["post-102743","post","type-post","status-publish","format-standard","has-post-thumbnail","hentry","category-destacadas","category-videos"],"acf":[],"_links":{"self":[{"href":"https:\/\/vocesparalelas.com.ar\/sitio\/wp-json\/wp\/v2\/posts\/102743","targetHints":{"allow":["GET"]}}],"collection":[{"href":"https:\/\/vocesparalelas.com.ar\/sitio\/wp-json\/wp\/v2\/posts"}],"about":[{"href":"https:\/\/vocesparalelas.com.ar\/sitio\/wp-json\/wp\/v2\/types\/post"}],"author":[{"embeddable":true,"href":"https:\/\/vocesparalelas.com.ar\/sitio\/wp-json\/wp\/v2\/users\/3"}],"replies":[{"embeddable":true,"href":"https:\/\/vocesparalelas.com.ar\/sitio\/wp-json\/wp\/v2\/comments?post=102743"}],"version-history":[{"count":1,"href":"https:\/\/vocesparalelas.com.ar\/sitio\/wp-json\/wp\/v2\/posts\/102743\/revisions"}],"predecessor-version":[{"id":102744,"href":"https:\/\/vocesparalelas.com.ar\/sitio\/wp-json\/wp\/v2\/posts\/102743\/revisions\/102744"}],"wp:featuredmedia":[{"embeddable":true,"href":"https:\/\/vocesparalelas.com.ar\/sitio\/wp-json\/wp\/v2\/media\/8062"}],"wp:attachment":[{"href":"https:\/\/vocesparalelas.com.ar\/sitio\/wp-json\/wp\/v2\/media?parent=102743"}],"wp:term":[{"taxonomy":"category","embeddable":true,"href":"https:\/\/vocesparalelas.com.ar\/sitio\/wp-json\/wp\/v2\/categories?post=102743"},{"taxonomy":"post_tag","embeddable":true,"href":"https:\/\/vocesparalelas.com.ar\/sitio\/wp-json\/wp\/v2\/tags?post=102743"}],"curies":[{"name":"wp","href":"https:\/\/api.w.org\/{rel}","templated":true}]}}