{"id":102738,"date":"2026-09-02T19:20:27","date_gmt":"2026-09-02T22:20:27","guid":{"rendered":"https:\/\/vocesparalelas.com.ar\/sitio\/?p=102738"},"modified":"2026-09-02T19:21:50","modified_gmt":"2026-09-02T22:21:50","slug":"inscripciones-para-el-selectivo-de-san-juan-para-el-pre-cosquin-2027","status":"publish","type":"post","link":"https:\/\/vocesparalelas.com.ar\/sitio\/inscripciones-para-el-selectivo-de-san-juan-para-el-pre-cosquin-2027\/","title":{"rendered":"Inscripciones para el selectivo de San Juan para el Pre Cosqu\u00edn 2027"},"content":{"rendered":"<p>El Ministerio de Turismo, Cultura y Deporte del Gobierno de San Juan, a trav\u00e9s de la Secretar\u00eda de Cultura, abri\u00f3 las inscripciones para participar del Pre Cosqu\u00edn 2027\u00a0Sede\u00a0San Juan, instancia que selecciona a los artistas que representan a la provincia en el Certamen para Nuevos Valores que se desarrolla en Cosqu\u00edn, C\u00f3rdoba.<\/p>\n<p>La convocatoria permanece abierta desde el 31 de Agosto hasta el 18 de Septiembre y est\u00e1 destinada a artistas que busquen participar con propuestas vinculadas a la m\u00fasica, la danza y las expresiones de ra\u00edz folkl\u00f3rica.<\/p>\n<p>El preselectivo de la Sede San Juan se realiza el 3 y 4 de Octubre, a partir de las 15 horas, en el Comedor Universitario Juan Guti\u00e9rrez del Complejo Universitario Islas Malvinas (CUIM\u2013UNSJ). La entrada para acompa\u00f1ar ambas jornadas es libre y gratuita.<\/p>\n<p>Los participantes podr\u00e1n competir en los rubros solista vocal, d\u00fao vocal, conjunto vocal, solista instrumental, conjunto instrumental, solista de malambo masculino, solista de malambo femenino, conjunto de malambo, pareja de baile tradicional, pareja de baile estilizada, conjunto de baile folkl\u00f3rico, canci\u00f3n in\u00e9dita y expresi\u00f3n oral folkl\u00f3rica.<\/p>\n<p>De acuerdo con el reglamento oficial, podr\u00e1n participar personas mayores de 16 a\u00f1os, argentinas nativas o naturalizadas, que cumplan con las condiciones establecidas para cada uno de los rubros. Entre otros requisitos, no pueden presentarse quienes hayan resultado ganadores del certamen en ediciones anteriores en el mismo rubro, salvo las excepciones contempladas por el reglamento.<\/p>\n<p>El Certamen para Nuevos Valores Pre Cosqu\u00edn tiene como objetivo reconocer el talento de artistas de distintos puntos del pa\u00eds que presenten propuestas de ra\u00edz folkl\u00f3rica argentina en m\u00fasica y danza, brind\u00e1ndoles la posibilidad de llegar a uno de los escenarios m\u00e1s representativos del folklore nacional.<\/p>\n<p>Las inscripciones est\u00e1n disponibles hasta el 18 de Septiembre y deben realizarse mediante el formulario online habilitado para la Sede San Juan. Pre Cosqu\u00edn 2027 Sede San Juan<\/p>\n<p>Antes de completar la inscripci\u00f3n, los participantes deben consultar las bases y condiciones del Reglamento Pre Cosqu\u00edn 2026-2027, donde se detallan los requisitos de participaci\u00f3n y las condiciones espec\u00edficas para cada rubro.<br \/>\nPara consultas, las personas interesadas podr\u00e1n comunicarse al 264 627 0822 o escribir a<\/p>\n<p><span id=\"cloak5747f37d0334a569d77bc72764a28ca6\"><a href=\"mailto:sedesanjuanprecosquin@gmail.com\">sedesanjuanprecosquin@gmail.com<\/a><\/span>.<\/p>\n<p>La instancia provincial es organizada por la Direcci\u00f3n Territorial de Artes Populares y Folkl\u00f3ricas, dependiente de la Secretar\u00eda de Cultura del Ministerio de Turismo, Cultura y Deporte.<\/p>\n<p><img loading=\"lazy\" decoding=\"async\" class=\"alignnone size-full wp-image-65642\" src=\"https:\/\/vocesparalelas.com.ar\/sitio\/wp-content\/uploads\/2023\/11\/GOBIERNO-SAN-JUAN.jpg\" alt=\"\" width=\"800\" height=\"600\" srcset=\"https:\/\/vocesparalelas.com.ar\/sitio\/wp-content\/uploads\/2023\/11\/GOBIERNO-SAN-JUAN.jpg 800w, https:\/\/vocesparalelas.com.ar\/sitio\/wp-content\/uploads\/2023\/11\/GOBIERNO-SAN-JUAN-300x225.jpg 300w, https:\/\/vocesparalelas.com.ar\/sitio\/wp-content\/uploads\/2023\/11\/GOBIERNO-SAN-JUAN-768x576.jpg 768w\" sizes=\"auto, (max-width: 800px) 100vw, 800px\" \/><\/p>\n","protected":false},"excerpt":{"rendered":"<p>El Ministerio de Turismo, Cultura y Deporte del Gobierno de San Juan, a trav\u00e9s de la Secretar\u00eda de Cultura, abri\u00f3<\/p>\n","protected":false},"author":3,"featured_media":81919,"comment_status":"closed","ping_status":"closed","sticky":false,"template":"","format":"standard","meta":{"_acf_changed":false,"_seopress_titles_title":"","_seopress_titles_desc":"","_seopress_robots_index":"","_seopress_robots_follow":"","_seopress_robots_imageindex":"","_seopress_robots_snippet":"","_seopress_robots_primary_cat":"","_seopress_robots_breadcrumbs":"","_seopress_robots_freeze_modified_date":"","_seopress_robots_custom_modified_date":"","_seopress_robots_canonical":"","_seopress_social_fb_title":"","_seopress_social_fb_desc":"","_seopress_social_fb_img":"","_seopress_social_fb_img_attachment_id":0,"_seopress_social_fb_img_width":0,"_seopress_social_fb_img_height":0,"_seopress_social_twitter_title":"","_seopress_social_twitter_desc":"","_seopress_social_twitter_img":"","_seopress_social_twitter_img_attachment_id":0,"_seopress_social_twitter_img_width":0,"_seopress_social_twitter_img_height":0,"_seopress_redirections_value":"","_seopress_redirections_enabled":"","_seopress_redirections_enabled_regex":"","_seopress_redirections_logged_status":"","_seopress_redirections_param":"","_seopress_redirections_type":0,"_seopress_analysis_target_kw":"","colormag_page_container_layout":"default_layout","colormag_page_sidebar_layout":"default_layout","footnotes":""},"categories":[1],"tags":[],"class_list":["post-102738","post","type-post","status-publish","format-standard","has-post-thumbnail","hentry","category-destacadas"],"acf":[],"_links":{"self":[{"href":"https:\/\/vocesparalelas.com.ar\/sitio\/wp-json\/wp\/v2\/posts\/102738","targetHints":{"allow":["GET"]}}],"collection":[{"href":"https:\/\/vocesparalelas.com.ar\/sitio\/wp-json\/wp\/v2\/posts"}],"about":[{"href":"https:\/\/vocesparalelas.com.ar\/sitio\/wp-json\/wp\/v2\/types\/post"}],"author":[{"embeddable":true,"href":"https:\/\/vocesparalelas.com.ar\/sitio\/wp-json\/wp\/v2\/users\/3"}],"replies":[{"embeddable":true,"href":"https:\/\/vocesparalelas.com.ar\/sitio\/wp-json\/wp\/v2\/comments?post=102738"}],"version-history":[{"count":1,"href":"https:\/\/vocesparalelas.com.ar\/sitio\/wp-json\/wp\/v2\/posts\/102738\/revisions"}],"predecessor-version":[{"id":102739,"href":"https:\/\/vocesparalelas.com.ar\/sitio\/wp-json\/wp\/v2\/posts\/102738\/revisions\/102739"}],"wp:featuredmedia":[{"embeddable":true,"href":"https:\/\/vocesparalelas.com.ar\/sitio\/wp-json\/wp\/v2\/media\/81919"}],"wp:attachment":[{"href":"https:\/\/vocesparalelas.com.ar\/sitio\/wp-json\/wp\/v2\/media?parent=102738"}],"wp:term":[{"taxonomy":"category","embeddable":true,"href":"https:\/\/vocesparalelas.com.ar\/sitio\/wp-json\/wp\/v2\/categories?post=102738"},{"taxonomy":"post_tag","embeddable":true,"href":"https:\/\/vocesparalelas.com.ar\/sitio\/wp-json\/wp\/v2\/tags?post=102738"}],"curies":[{"name":"wp","href":"https:\/\/api.w.org\/{rel}","templated":true}]}}