{"id":102736,"date":"2026-09-02T19:08:38","date_gmt":"2026-09-02T22:08:38","guid":{"rendered":"https:\/\/vocesparalelas.com.ar\/sitio\/?p=102736"},"modified":"2026-09-02T19:08:38","modified_gmt":"2026-09-02T22:08:38","slug":"feria-agroproductiva-en-san-juan-21","status":"publish","type":"post","link":"https:\/\/vocesparalelas.com.ar\/sitio\/feria-agroproductiva-en-san-juan-21\/","title":{"rendered":"Feria Agroproductiva en San Juan"},"content":{"rendered":"<p>El S\u00e1bado 5 de septiembre, de 10 a 14 horas, se realiza una nueva edici\u00f3n de la Feria Agroproductiva en San Juan, en el tradicional Paseo de las Palmeras del Parque de Mayo. Desde el Ministerio de Producci\u00f3n, Trabajo e Innovaci\u00f3n del Gobierno de San Juan, a trav\u00e9s de la Secretar\u00eda de Agricultura, Ganader\u00eda y Agroindustria, se invita a las familias\u00a0 a participar de esta actividad que tendr\u00e1 distintas propuestas.<\/p>\n<p>En esta oportunidad, m\u00e1s de 120 productores y emprendedores sanjuaninos ofrecer\u00e1n una amplia variedad de productos elaborados y producidos en la provincia, generando un espacio de encuentro directo entre quienes producen y quienes eligen consumir local. Adem\u00e1s, durante la jornada, distintos organismos provinciales estar\u00e1n presentes acercando servicios, asesoramiento, educaci\u00f3n y actividades destinadas a toda la familia.<\/p>\n<p>El Ministerio de Salud del Gobierno de San Juan, a trav\u00e9s del Vacunatorio M\u00f3vil, brinda a los visitantes la posibilidad de consultar y actualizar de manera gratuita el calendario de vacunaci\u00f3n.<\/p>\n<p><img loading=\"lazy\" decoding=\"async\" class=\"alignnone size-full wp-image-78348\" src=\"https:\/\/vocesparalelas.com.ar\/sitio\/wp-content\/uploads\/2024\/10\/VACUNACION-03.jpg\" alt=\"\" width=\"800\" height=\"534\" srcset=\"https:\/\/vocesparalelas.com.ar\/sitio\/wp-content\/uploads\/2024\/10\/VACUNACION-03.jpg 800w, https:\/\/vocesparalelas.com.ar\/sitio\/wp-content\/uploads\/2024\/10\/VACUNACION-03-300x200.jpg 300w, https:\/\/vocesparalelas.com.ar\/sitio\/wp-content\/uploads\/2024\/10\/VACUNACION-03-768x513.jpg 768w\" sizes=\"auto, (max-width: 800px) 100vw, 800px\" \/><\/p>\n<p>La Secretar\u00eda de Tr\u00e1nsito y Transporte contar\u00e1 con un stand informativo sobre la tarjeta SUBE, donde se ofrecer\u00e1 asesoramiento y se realizar\u00e1 la entrega de pl\u00e1sticos.<\/p>\n<p>La Direcci\u00f3n de Sanidad Vegetal, Animal y Alimentos estar\u00e1 realizando la entrega de botellas matadora para la mosca de los frutos. Aquellos que visiten el stand pueden entregar una botella descartable con tapa, y recibir una botella matadora para la mosca de los frutos, la cual incluye el atrayente y los elementos necesarios para colgarla en los frutales.<\/p>\n<p>Adem\u00e1s, se informa sobre las acciones de manejo integrado de plagas agr\u00edcolas y las herramientas de control respetuosas con el medio ambiente y la salud humana.<\/p>\n<p>Tambi\u00e9n se presentan insectos biocontroladores producidos en la BioPlanta San Juan, y se ofrece a los interesados la posibilidad de conocer los procesos de cr\u00eda de estos insectos, as\u00ed como los m\u00e9todos para el control de plagas en la fruticultura.<\/p>\n<p>La jornada tambi\u00e9n contar\u00e1 con la participaci\u00f3n del Ministerio de Educaci\u00f3n, a trav\u00e9s de Escuelas Agrot\u00e9cnicas de nivel primario y secundario y Escuelas de Capacitaci\u00f3n Laboral, que compartir\u00e1n sus experiencias y propuestas con el p\u00fablico.<\/p>\n<p>La Feria Agroproductiva contin\u00faa consolid\u00e1ndose como un espacio fundamental para la promoci\u00f3n, comercializaci\u00f3n y visibilizaci\u00f3n de la producci\u00f3n sanjuanina, acompa\u00f1ando el crecimiento de peque\u00f1os y medianos productores y fortaleciendo las econom\u00edas locales.<\/p>\n<p><img loading=\"lazy\" decoding=\"async\" class=\"alignnone size-full wp-image-65642\" src=\"https:\/\/vocesparalelas.com.ar\/sitio\/wp-content\/uploads\/2023\/11\/GOBIERNO-SAN-JUAN.jpg\" alt=\"\" width=\"800\" height=\"600\" srcset=\"https:\/\/vocesparalelas.com.ar\/sitio\/wp-content\/uploads\/2023\/11\/GOBIERNO-SAN-JUAN.jpg 800w, https:\/\/vocesparalelas.com.ar\/sitio\/wp-content\/uploads\/2023\/11\/GOBIERNO-SAN-JUAN-300x225.jpg 300w, https:\/\/vocesparalelas.com.ar\/sitio\/wp-content\/uploads\/2023\/11\/GOBIERNO-SAN-JUAN-768x576.jpg 768w\" sizes=\"auto, (max-width: 800px) 100vw, 800px\" \/><\/p>\n","protected":false},"excerpt":{"rendered":"<p>El S\u00e1bado 5 de septiembre, de 10 a 14 horas, se realiza una nueva edici\u00f3n de la Feria Agroproductiva en<\/p>\n","protected":false},"author":3,"featured_media":71556,"comment_status":"closed","ping_status":"closed","sticky":false,"template":"","format":"standard","meta":{"_acf_changed":false,"_seopress_titles_title":"","_seopress_titles_desc":"","_seopress_robots_index":"","_seopress_robots_follow":"","_seopress_robots_imageindex":"","_seopress_robots_snippet":"","_seopress_robots_primary_cat":"","_seopress_robots_breadcrumbs":"","_seopress_robots_freeze_modified_date":"","_seopress_robots_custom_modified_date":"","_seopress_robots_canonical":"","_seopress_social_fb_title":"","_seopress_social_fb_desc":"","_seopress_social_fb_img":"","_seopress_social_fb_img_attachment_id":0,"_seopress_social_fb_img_width":0,"_seopress_social_fb_img_height":0,"_seopress_social_twitter_title":"","_seopress_social_twitter_desc":"","_seopress_social_twitter_img":"","_seopress_social_twitter_img_attachment_id":0,"_seopress_social_twitter_img_width":0,"_seopress_social_twitter_img_height":0,"_seopress_redirections_value":"","_seopress_redirections_enabled":"","_seopress_redirections_enabled_regex":"","_seopress_redirections_logged_status":"","_seopress_redirections_param":"","_seopress_redirections_type":0,"_seopress_analysis_target_kw":"","colormag_page_container_layout":"default_layout","colormag_page_sidebar_layout":"default_layout","footnotes":""},"categories":[1],"tags":[],"class_list":["post-102736","post","type-post","status-publish","format-standard","has-post-thumbnail","hentry","category-destacadas"],"acf":[],"_links":{"self":[{"href":"https:\/\/vocesparalelas.com.ar\/sitio\/wp-json\/wp\/v2\/posts\/102736","targetHints":{"allow":["GET"]}}],"collection":[{"href":"https:\/\/vocesparalelas.com.ar\/sitio\/wp-json\/wp\/v2\/posts"}],"about":[{"href":"https:\/\/vocesparalelas.com.ar\/sitio\/wp-json\/wp\/v2\/types\/post"}],"author":[{"embeddable":true,"href":"https:\/\/vocesparalelas.com.ar\/sitio\/wp-json\/wp\/v2\/users\/3"}],"replies":[{"embeddable":true,"href":"https:\/\/vocesparalelas.com.ar\/sitio\/wp-json\/wp\/v2\/comments?post=102736"}],"version-history":[{"count":1,"href":"https:\/\/vocesparalelas.com.ar\/sitio\/wp-json\/wp\/v2\/posts\/102736\/revisions"}],"predecessor-version":[{"id":102737,"href":"https:\/\/vocesparalelas.com.ar\/sitio\/wp-json\/wp\/v2\/posts\/102736\/revisions\/102737"}],"wp:featuredmedia":[{"embeddable":true,"href":"https:\/\/vocesparalelas.com.ar\/sitio\/wp-json\/wp\/v2\/media\/71556"}],"wp:attachment":[{"href":"https:\/\/vocesparalelas.com.ar\/sitio\/wp-json\/wp\/v2\/media?parent=102736"}],"wp:term":[{"taxonomy":"category","embeddable":true,"href":"https:\/\/vocesparalelas.com.ar\/sitio\/wp-json\/wp\/v2\/categories?post=102736"},{"taxonomy":"post_tag","embeddable":true,"href":"https:\/\/vocesparalelas.com.ar\/sitio\/wp-json\/wp\/v2\/tags?post=102736"}],"curies":[{"name":"wp","href":"https:\/\/api.w.org\/{rel}","templated":true}]}}