{"id":102733,"date":"2026-09-02T09:00:13","date_gmt":"2026-09-02T12:00:13","guid":{"rendered":"https:\/\/vocesparalelas.com.ar\/sitio\/?p=102733"},"modified":"2026-09-02T14:00:37","modified_gmt":"2026-09-02T17:00:37","slug":"reunion-de-los-presidentes-de-los-bloques-en-la-labor-parlamentaria-de-san-juan","status":"publish","type":"post","link":"https:\/\/vocesparalelas.com.ar\/sitio\/reunion-de-los-presidentes-de-los-bloques-en-la-labor-parlamentaria-de-san-juan\/","title":{"rendered":"Reuni\u00f3n de los presidentes de los bloques en la Labor Parlamentaria de San Juan"},"content":{"rendered":"<p>El Martes, 1 de Septiembre, los presidentes de los bloques que integran la C\u00e1mara de Diputados de San Juan participaron de la reuni\u00f3n de Labor Parlamentaria, presidida por el vicepresidente primero de la Legislatura, diputado Lic. Enzo Cornejo. Durante el encuentro, acordaron los temas que son incorporados al orden del d\u00eda de la Novena Sesi\u00f3n del per\u00edodo ordinario, prevista para el Jueves, 3 de Septiembre, a las 10 horas.<\/p>\n<p>En la reuni\u00f3n participaron la vicepresidenta segunda, Marisa L\u00f3pez; el vicepresidente alterno, Marcelo Mallea; el secretario Legislativo, Gustavo Velert; y los presidentes de los distintos bloques legislativos: Juan de la Cruz C\u00f3rdoba (Producci\u00f3n y Trabajo); Luis Rueda (Bloquismo); Franco Aranda (Frente Renovador); Gustavo Usin (Actuar); Juan Carlos Quiroga Moyano (Justicialista); Marta Gramajo (Bloque Crecer); Fernando Patinella (La Libertad Avanza) y Leopoldo Soler (Mejor Nosotros).<\/p>\n<p>Entre los asuntos acordados para su tratamiento en el recinto se encuentran dos expedientes con despacho favorable de las Comisiones de Educaci\u00f3n, Ciencia, T\u00e9cnica y Cultura y de Peticiones y Poderes, vinculados con la imposici\u00f3n de nombres a establecimientos educativos.<\/p>\n<p>Uno de ellos es el Expediente N\u00ba 1857-2026, correspondiente a una Comunicaci\u00f3n Oficial remitida por el Poder Ejecutivo, por la que remite un Proyecto de Ley que propone imponer el nombre \u201cEscuela Primaria Ofelia Z\u00faccoli\u201d a la actual Escuela Primaria Nuevo Cuyo TT, del departamento Rivadavia.<\/p>\n<p>El segundo es el Expediente N\u00ba 1371-2026, correspondiente a un Proyecto de Ley presentado por el bloque Justicialista, por el que se impone el nombre \u201cEscuela de Educaci\u00f3n Camino de Los Andes\u201d a la Escuela de Educaci\u00f3n Especial M\u00faltiple de Calingasta.<\/p>\n<p>En materia de cooperaci\u00f3n, se incorpor\u00f3 el Expediente N\u00ba 1903-2026, que cuenta con despacho en conjunto de las Comisiones de Legislaci\u00f3n y Asuntos Constitucionales, Desarrollo Humano y Laboral, y Miner\u00eda y Energ\u00eda. Se trata de una Comunicaci\u00f3n Oficial remitida por el Poder Ejecutivo, por la que se somete a consideraci\u00f3n el Convenio de Cooperaci\u00f3n suscripto entre el Ministerio de Familia y Desarrollo Humano y la C\u00e1mara de Servicios Mineros de San Juan.<\/p>\n<p>Por otra parte, la agenda de la sesi\u00f3n incluir\u00e1 tres proyectos vinculados con la actividad literaria y cultural, que cuentan con despacho favorable de la Comisi\u00f3n de Educaci\u00f3n, Ciencia, T\u00e9cnica y Cultura.<\/p>\n<p>Uno de ellos es el Expediente N\u00ba 824-2026, correspondiente a un Proyecto de Resoluci\u00f3n presentado por el bloque Bloquista, por el que se declara de inter\u00e9s la saga literaria El diario de Leonard Flint, del autor Leonardo Ezequiel Karam Alba.<\/p>\n<p>Tambi\u00e9n ser\u00e1 tratado el Expediente N\u00ba 892-2026, referido a un Proyecto de Resoluci\u00f3n presentado por el bloque Bloquista, por el que se declara de inter\u00e9s el libro Iluso so\u00f1ador de abril, de Juan Manuel Galv\u00e1n.<\/p>\n<p>Finalmente, se encuentra el Expediente N\u00ba 1123-2026, correspondiente a un Proyecto de Resoluci\u00f3n presentado por el bloque Bloquista, por el que se declara de inter\u00e9s la obra literaria Universo Compol II: El surgimiento o el renacimiento de la pol\u00edtica, de la autora Nadia Soledad Brizuela.<\/p>\n<figure id=\"attachment_37951\" aria-describedby=\"caption-attachment-37951\" style=\"width: 800px\" class=\"wp-caption alignnone\"><img loading=\"lazy\" decoding=\"async\" class=\"size-full wp-image-37951\" src=\"https:\/\/vocesparalelas.com.ar\/sitio\/wp-content\/uploads\/2021\/05\/CAMARA-EDIFICIO.jpg\" alt=\"\" width=\"800\" height=\"515\" srcset=\"https:\/\/vocesparalelas.com.ar\/sitio\/wp-content\/uploads\/2021\/05\/CAMARA-EDIFICIO.jpg 800w, https:\/\/vocesparalelas.com.ar\/sitio\/wp-content\/uploads\/2021\/05\/CAMARA-EDIFICIO-300x193.jpg 300w, https:\/\/vocesparalelas.com.ar\/sitio\/wp-content\/uploads\/2021\/05\/CAMARA-EDIFICIO-768x494.jpg 768w\" sizes=\"auto, (max-width: 800px) 100vw, 800px\" \/><figcaption id=\"caption-attachment-37951\" class=\"wp-caption-text\">Legislatura Provincial de San Juan, Rep\u00fablica Argentina<\/figcaption><\/figure>\n","protected":false},"excerpt":{"rendered":"<p>El Martes, 1 de Septiembre, los presidentes de los bloques que integran la C\u00e1mara de Diputados de San Juan participaron<\/p>\n","protected":false},"author":3,"featured_media":102734,"comment_status":"closed","ping_status":"closed","sticky":false,"template":"","format":"standard","meta":{"_acf_changed":false,"_seopress_titles_title":"","_seopress_titles_desc":"","_seopress_robots_index":"","_seopress_robots_follow":"","_seopress_robots_imageindex":"","_seopress_robots_snippet":"","_seopress_robots_primary_cat":"","_seopress_robots_breadcrumbs":"","_seopress_robots_freeze_modified_date":"","_seopress_robots_custom_modified_date":"","_seopress_robots_canonical":"","_seopress_social_fb_title":"","_seopress_social_fb_desc":"","_seopress_social_fb_img":"","_seopress_social_fb_img_attachment_id":0,"_seopress_social_fb_img_width":0,"_seopress_social_fb_img_height":0,"_seopress_social_twitter_title":"","_seopress_social_twitter_desc":"","_seopress_social_twitter_img":"","_seopress_social_twitter_img_attachment_id":0,"_seopress_social_twitter_img_width":0,"_seopress_social_twitter_img_height":0,"_seopress_redirections_value":"","_seopress_redirections_enabled":"","_seopress_redirections_enabled_regex":"","_seopress_redirections_logged_status":"","_seopress_redirections_param":"","_seopress_redirections_type":0,"_seopress_analysis_target_kw":"","colormag_page_container_layout":"default_layout","colormag_page_sidebar_layout":"default_layout","footnotes":""},"categories":[1],"tags":[],"class_list":["post-102733","post","type-post","status-publish","format-standard","has-post-thumbnail","hentry","category-destacadas"],"acf":[],"_links":{"self":[{"href":"https:\/\/vocesparalelas.com.ar\/sitio\/wp-json\/wp\/v2\/posts\/102733","targetHints":{"allow":["GET"]}}],"collection":[{"href":"https:\/\/vocesparalelas.com.ar\/sitio\/wp-json\/wp\/v2\/posts"}],"about":[{"href":"https:\/\/vocesparalelas.com.ar\/sitio\/wp-json\/wp\/v2\/types\/post"}],"author":[{"embeddable":true,"href":"https:\/\/vocesparalelas.com.ar\/sitio\/wp-json\/wp\/v2\/users\/3"}],"replies":[{"embeddable":true,"href":"https:\/\/vocesparalelas.com.ar\/sitio\/wp-json\/wp\/v2\/comments?post=102733"}],"version-history":[{"count":1,"href":"https:\/\/vocesparalelas.com.ar\/sitio\/wp-json\/wp\/v2\/posts\/102733\/revisions"}],"predecessor-version":[{"id":102735,"href":"https:\/\/vocesparalelas.com.ar\/sitio\/wp-json\/wp\/v2\/posts\/102733\/revisions\/102735"}],"wp:featuredmedia":[{"embeddable":true,"href":"https:\/\/vocesparalelas.com.ar\/sitio\/wp-json\/wp\/v2\/media\/102734"}],"wp:attachment":[{"href":"https:\/\/vocesparalelas.com.ar\/sitio\/wp-json\/wp\/v2\/media?parent=102733"}],"wp:term":[{"taxonomy":"category","embeddable":true,"href":"https:\/\/vocesparalelas.com.ar\/sitio\/wp-json\/wp\/v2\/categories?post=102733"},{"taxonomy":"post_tag","embeddable":true,"href":"https:\/\/vocesparalelas.com.ar\/sitio\/wp-json\/wp\/v2\/tags?post=102733"}],"curies":[{"name":"wp","href":"https:\/\/api.w.org\/{rel}","templated":true}]}}