{"id":102731,"date":"2026-09-02T13:23:17","date_gmt":"2026-09-02T16:23:17","guid":{"rendered":"https:\/\/vocesparalelas.com.ar\/sitio\/?p=102731"},"modified":"2026-09-02T13:23:17","modified_gmt":"2026-09-02T16:23:17","slug":"festival-del-inmigrante-en-san-juan","status":"publish","type":"post","link":"https:\/\/vocesparalelas.com.ar\/sitio\/festival-del-inmigrante-en-san-juan\/","title":{"rendered":"Festival del Inmigrante en San Juan"},"content":{"rendered":"<p>El Ministerio de Gobierno de San Juan invita a la comunidad a disfrutar de una nueva edici\u00f3n del Festival del Inmigrante, una celebraci\u00f3n que pone en valor las ra\u00edces, tradiciones y expresiones culturales de las distintas comunidades que forman parte de la sociedad de San Juan.<\/p>\n<p>El encuentro se desarrolla el S\u00e1bado, 5 de Septiembre, de 18 a 24 horas, en el Parque de Mayo, con una propuesta pensada para disfrutar en familia y conocer la riqueza cultural que aportan las diferentes colectividades.<\/p>\n<p><img loading=\"lazy\" decoding=\"async\" class=\"alignnone size-large wp-image-4699\" src=\"https:\/\/vocesparalelas.com.ar\/sitio\/wp-content\/uploads\/2017\/09\/INMIGRANTES-01-800x534.jpg\" alt=\"\" width=\"800\" height=\"534\" srcset=\"https:\/\/vocesparalelas.com.ar\/sitio\/wp-content\/uploads\/2017\/09\/INMIGRANTES-01-800x534.jpg 800w, https:\/\/vocesparalelas.com.ar\/sitio\/wp-content\/uploads\/2017\/09\/INMIGRANTES-01-300x200.jpg 300w, https:\/\/vocesparalelas.com.ar\/sitio\/wp-content\/uploads\/2017\/09\/INMIGRANTES-01-768x512.jpg 768w, https:\/\/vocesparalelas.com.ar\/sitio\/wp-content\/uploads\/2017\/09\/INMIGRANTES-01.jpg 1000w\" sizes=\"auto, (max-width: 800px) 100vw, 800px\" \/><\/p>\n<p>Durante la jornada est\u00e1n representadas comunidades de Venezuela, Alemania, Bolivia, Per\u00fa, Brasil, Chile, Polonia, L\u00edbano, Italia y Jap\u00f3n, adem\u00e1s de distintas representaciones vinculadas a Espa\u00f1a, Valencia, Mallorca, China y Rusia.<\/p>\n<p>La propuesta cuenta con 25 puestos gastron\u00f3micos, 22 artesanos y productores y 10 ONG, que forman parte del recorrido ofreciendo comidas t\u00edpicas, productos, artesan\u00edas y propuestas culturales.<\/p>\n<p>La m\u00fasica y la danza protagonistas, con una variada grilla art\u00edstica que incluir\u00e1 flamenco espa\u00f1ol, danzas \u00e1rabes, salsa, folclore y otros ritmos representativos de las distintas culturas.<\/p>\n<p>Adem\u00e1s, el p\u00fablico puede recorrer y disfrutar del Mercado Artesanal y la Feria Agroproductiva, sumando producci\u00f3n local, artesan\u00edas y productos de San Juan a esta gran celebraci\u00f3n.<\/p>\n<p><strong><span style=\"color: #ff6600;\">\u00bfC\u00f3mo llegar al Festival?<\/span><\/strong><\/p>\n<p>El acceso al predio es por dos v\u00edas:<\/p>\n<ul>\n<li>Costado este del Monumento al General San Mart\u00edn.<\/li>\n<li>Paseo de las Am\u00e9ricas, con ingreso por calle Las Heras.<\/li>\n<\/ul>\n<p>Quienes opten por utilizar el transporte p\u00fablico pueden llegar al Parque de Mayo a trav\u00e9s de diferentes l\u00edneas de RedTulum:<\/p>\n<ul>\n<li>Por calle San Mart\u00edn: l\u00edneas A, 123, 127, 162, 242 y 320.<\/li>\n<li>Por calle 25 de Mayo: l\u00edneas 100, 101, 122, 125, 126, 140, 141 y 142.<\/li>\n<li>Por calle Urquiza: l\u00edneas E y 127.<\/li>\n<li>Por calle Las Heras: l\u00edneas E, 100, 101, 102, 122, 125, 126, 127, 140, 141, 142, 300 y 405.<\/li>\n<\/ul>\n<p>El Festival del Inmigrante es una oportunidad para celebrar la diversidad, conocer las ra\u00edces y encontrar a trav\u00e9s de las culturas que enriquecen la identidad de San Juan.<\/p>\n<p>La organizaci\u00f3n est\u00e1 a cargo de la Secretar\u00eda de Relaciones Institucionales del Ministerio de Gobierno de San Juan, con el apoyo de los Ministerios de Turismo y de Producci\u00f3n.<\/p>\n<p><img loading=\"lazy\" decoding=\"async\" class=\"alignnone size-full wp-image-65642\" src=\"https:\/\/vocesparalelas.com.ar\/sitio\/wp-content\/uploads\/2023\/11\/GOBIERNO-SAN-JUAN.jpg\" alt=\"\" width=\"800\" height=\"600\" srcset=\"https:\/\/vocesparalelas.com.ar\/sitio\/wp-content\/uploads\/2023\/11\/GOBIERNO-SAN-JUAN.jpg 800w, https:\/\/vocesparalelas.com.ar\/sitio\/wp-content\/uploads\/2023\/11\/GOBIERNO-SAN-JUAN-300x225.jpg 300w, https:\/\/vocesparalelas.com.ar\/sitio\/wp-content\/uploads\/2023\/11\/GOBIERNO-SAN-JUAN-768x576.jpg 768w\" sizes=\"auto, (max-width: 800px) 100vw, 800px\" \/><\/p>\n","protected":false},"excerpt":{"rendered":"<p>El Ministerio de Gobierno de San Juan invita a la comunidad a disfrutar de una nueva edici\u00f3n del Festival del<\/p>\n","protected":false},"author":3,"featured_media":23404,"comment_status":"closed","ping_status":"closed","sticky":false,"template":"","format":"standard","meta":{"_acf_changed":false,"_seopress_titles_title":"","_seopress_titles_desc":"","_seopress_robots_index":"","_seopress_robots_follow":"","_seopress_robots_imageindex":"","_seopress_robots_snippet":"","_seopress_robots_primary_cat":"","_seopress_robots_breadcrumbs":"","_seopress_robots_freeze_modified_date":"","_seopress_robots_custom_modified_date":"","_seopress_robots_canonical":"","_seopress_social_fb_title":"","_seopress_social_fb_desc":"","_seopress_social_fb_img":"","_seopress_social_fb_img_attachment_id":0,"_seopress_social_fb_img_width":0,"_seopress_social_fb_img_height":0,"_seopress_social_twitter_title":"","_seopress_social_twitter_desc":"","_seopress_social_twitter_img":"","_seopress_social_twitter_img_attachment_id":0,"_seopress_social_twitter_img_width":0,"_seopress_social_twitter_img_height":0,"_seopress_redirections_value":"","_seopress_redirections_enabled":"","_seopress_redirections_enabled_regex":"","_seopress_redirections_logged_status":"","_seopress_redirections_param":"","_seopress_redirections_type":0,"_seopress_analysis_target_kw":"","colormag_page_container_layout":"default_layout","colormag_page_sidebar_layout":"default_layout","footnotes":""},"categories":[1],"tags":[],"class_list":["post-102731","post","type-post","status-publish","format-standard","has-post-thumbnail","hentry","category-destacadas"],"acf":[],"_links":{"self":[{"href":"https:\/\/vocesparalelas.com.ar\/sitio\/wp-json\/wp\/v2\/posts\/102731","targetHints":{"allow":["GET"]}}],"collection":[{"href":"https:\/\/vocesparalelas.com.ar\/sitio\/wp-json\/wp\/v2\/posts"}],"about":[{"href":"https:\/\/vocesparalelas.com.ar\/sitio\/wp-json\/wp\/v2\/types\/post"}],"author":[{"embeddable":true,"href":"https:\/\/vocesparalelas.com.ar\/sitio\/wp-json\/wp\/v2\/users\/3"}],"replies":[{"embeddable":true,"href":"https:\/\/vocesparalelas.com.ar\/sitio\/wp-json\/wp\/v2\/comments?post=102731"}],"version-history":[{"count":1,"href":"https:\/\/vocesparalelas.com.ar\/sitio\/wp-json\/wp\/v2\/posts\/102731\/revisions"}],"predecessor-version":[{"id":102732,"href":"https:\/\/vocesparalelas.com.ar\/sitio\/wp-json\/wp\/v2\/posts\/102731\/revisions\/102732"}],"wp:featuredmedia":[{"embeddable":true,"href":"https:\/\/vocesparalelas.com.ar\/sitio\/wp-json\/wp\/v2\/media\/23404"}],"wp:attachment":[{"href":"https:\/\/vocesparalelas.com.ar\/sitio\/wp-json\/wp\/v2\/media?parent=102731"}],"wp:term":[{"taxonomy":"category","embeddable":true,"href":"https:\/\/vocesparalelas.com.ar\/sitio\/wp-json\/wp\/v2\/categories?post=102731"},{"taxonomy":"post_tag","embeddable":true,"href":"https:\/\/vocesparalelas.com.ar\/sitio\/wp-json\/wp\/v2\/tags?post=102731"}],"curies":[{"name":"wp","href":"https:\/\/api.w.org\/{rel}","templated":true}]}}