{"id":102729,"date":"2026-09-02T12:08:49","date_gmt":"2026-09-02T15:08:49","guid":{"rendered":"https:\/\/vocesparalelas.com.ar\/sitio\/?p=102729"},"modified":"2026-09-02T12:08:49","modified_gmt":"2026-09-02T15:08:49","slug":"se-suspenden-las-actividades-educativas-en-los-departamento-iglesia-calingasta-y-jachal-de-san-juan","status":"publish","type":"post","link":"https:\/\/vocesparalelas.com.ar\/sitio\/se-suspenden-las-actividades-educativas-en-los-departamento-iglesia-calingasta-y-jachal-de-san-juan\/","title":{"rendered":"Se suspenden las actividades educativas en los Departamento Iglesia, Calingasta y J\u00e1chal de San Juan"},"content":{"rendered":"<p>Ante el alerta emitido por el Servicio Meteorol\u00f3gico Nacional y por recomendaci\u00f3n de la Direcci\u00f3n de Protecci\u00f3n Civil de la provincia, el Ministerio de Educaci\u00f3n del Gobierno de San Juan informa que el Mi\u00e9rcoles, 2 de Septiembre de 2026 se suspende la actividad educativas en los departamentos Iglesia, Calingasta y J\u00e1chal, a partir de las 13 \u00a0hs.<\/p>\n<p>La suspensi\u00f3n alcanza a las clases de los turnos interturno, tarde, vespertino y noche, en los diferentes Niveles y Modalidades. Se recuerda a los padres\/tutores de estudiantes cuyos hijos se encuentran cursando el turno ma\u00f1ana que no deben retirarlos antes de horario, a la vez que en las escuelas con jornada completa se les servir\u00e1 a los estudiante el almuerzo previsto.<\/p>\n<p>Asimismo, la suspensi\u00f3n comprende los llamados para cubrir cargos docentes y horas c\u00e1tedra que estan previstos para la jornada, los cuales quedan anulados, los directores deben generarlos nuevamente.<\/p>\n<p>La medida es de car\u00e1cter preventivo. Adem\u00e1s, el Ministerio de Educaci\u00f3n del Gobierno de San Juan recuerda a directivos y docentes que se activa el Plan de Contingencia, establecido por la Resoluci\u00f3n Nro 12277-ME-2024.<\/p>\n<p>Se continuar\u00e1 monitoreando la evoluci\u00f3n de las condiciones meteorol\u00f3gicas y, en caso de registrarse novedades, se informar\u00e1 por este medio.<\/p>\n<p>&nbsp;<\/p>\n<p><img loading=\"lazy\" decoding=\"async\" class=\"alignnone size-full wp-image-28629\" src=\"https:\/\/vocesparalelas.com.ar\/sitio\/wp-content\/uploads\/2020\/05\/MINISTERIO-EDUCACION-SJ.jpg\" alt=\"\" width=\"800\" height=\"533\" srcset=\"https:\/\/vocesparalelas.com.ar\/sitio\/wp-content\/uploads\/2020\/05\/MINISTERIO-EDUCACION-SJ.jpg 800w, https:\/\/vocesparalelas.com.ar\/sitio\/wp-content\/uploads\/2020\/05\/MINISTERIO-EDUCACION-SJ-300x200.jpg 300w, https:\/\/vocesparalelas.com.ar\/sitio\/wp-content\/uploads\/2020\/05\/MINISTERIO-EDUCACION-SJ-768x512.jpg 768w\" sizes=\"auto, (max-width: 800px) 100vw, 800px\" \/><\/p>\n","protected":false},"excerpt":{"rendered":"<p>Ante el alerta emitido por el Servicio Meteorol\u00f3gico Nacional y por recomendaci\u00f3n de la Direcci\u00f3n de Protecci\u00f3n Civil de la<\/p>\n","protected":false},"author":3,"featured_media":20916,"comment_status":"closed","ping_status":"closed","sticky":false,"template":"","format":"standard","meta":{"_acf_changed":false,"_seopress_titles_title":"","_seopress_titles_desc":"","_seopress_robots_index":"","_seopress_robots_follow":"","_seopress_robots_imageindex":"","_seopress_robots_snippet":"","_seopress_robots_primary_cat":"","_seopress_robots_breadcrumbs":"","_seopress_robots_freeze_modified_date":"","_seopress_robots_custom_modified_date":"","_seopress_robots_canonical":"","_seopress_social_fb_title":"","_seopress_social_fb_desc":"","_seopress_social_fb_img":"","_seopress_social_fb_img_attachment_id":0,"_seopress_social_fb_img_width":0,"_seopress_social_fb_img_height":0,"_seopress_social_twitter_title":"","_seopress_social_twitter_desc":"","_seopress_social_twitter_img":"","_seopress_social_twitter_img_attachment_id":0,"_seopress_social_twitter_img_width":0,"_seopress_social_twitter_img_height":0,"_seopress_redirections_value":"","_seopress_redirections_enabled":"","_seopress_redirections_enabled_regex":"","_seopress_redirections_logged_status":"","_seopress_redirections_param":"","_seopress_redirections_type":0,"_seopress_analysis_target_kw":"","colormag_page_container_layout":"default_layout","colormag_page_sidebar_layout":"default_layout","footnotes":""},"categories":[1],"tags":[],"class_list":["post-102729","post","type-post","status-publish","format-standard","has-post-thumbnail","hentry","category-destacadas"],"acf":[],"_links":{"self":[{"href":"https:\/\/vocesparalelas.com.ar\/sitio\/wp-json\/wp\/v2\/posts\/102729","targetHints":{"allow":["GET"]}}],"collection":[{"href":"https:\/\/vocesparalelas.com.ar\/sitio\/wp-json\/wp\/v2\/posts"}],"about":[{"href":"https:\/\/vocesparalelas.com.ar\/sitio\/wp-json\/wp\/v2\/types\/post"}],"author":[{"embeddable":true,"href":"https:\/\/vocesparalelas.com.ar\/sitio\/wp-json\/wp\/v2\/users\/3"}],"replies":[{"embeddable":true,"href":"https:\/\/vocesparalelas.com.ar\/sitio\/wp-json\/wp\/v2\/comments?post=102729"}],"version-history":[{"count":1,"href":"https:\/\/vocesparalelas.com.ar\/sitio\/wp-json\/wp\/v2\/posts\/102729\/revisions"}],"predecessor-version":[{"id":102730,"href":"https:\/\/vocesparalelas.com.ar\/sitio\/wp-json\/wp\/v2\/posts\/102729\/revisions\/102730"}],"wp:featuredmedia":[{"embeddable":true,"href":"https:\/\/vocesparalelas.com.ar\/sitio\/wp-json\/wp\/v2\/media\/20916"}],"wp:attachment":[{"href":"https:\/\/vocesparalelas.com.ar\/sitio\/wp-json\/wp\/v2\/media?parent=102729"}],"wp:term":[{"taxonomy":"category","embeddable":true,"href":"https:\/\/vocesparalelas.com.ar\/sitio\/wp-json\/wp\/v2\/categories?post=102729"},{"taxonomy":"post_tag","embeddable":true,"href":"https:\/\/vocesparalelas.com.ar\/sitio\/wp-json\/wp\/v2\/tags?post=102729"}],"curies":[{"name":"wp","href":"https:\/\/api.w.org\/{rel}","templated":true}]}}