{"id":102725,"date":"2026-09-02T11:20:58","date_gmt":"2026-09-02T14:20:58","guid":{"rendered":"https:\/\/vocesparalelas.com.ar\/sitio\/?p=102725"},"modified":"2026-09-02T11:28:30","modified_gmt":"2026-09-02T14:28:30","slug":"un-convenio-para-fortalecer-la-formacion-de-los-estudiantes-de-las-escuelas-tecnicas-de-san-juan","status":"publish","type":"post","link":"https:\/\/vocesparalelas.com.ar\/sitio\/un-convenio-para-fortalecer-la-formacion-de-los-estudiantes-de-las-escuelas-tecnicas-de-san-juan\/","title":{"rendered":"Un convenio para fortalecer la formaci\u00f3n de los estudiantes de las Escuelas T\u00e9cnicas de San Juan"},"content":{"rendered":"<p>El Ministerio de Educaci\u00f3n del Gobierno de San Juan y la empresa de ingenier\u00eda Syotec de San Juan firmaron un convenio de asistencia, colaboraci\u00f3n y cooperaci\u00f3n rec\u00edproca destinado a complementar la formaci\u00f3n de los estudiantes con las necesidades del sector socio-productivo de la provincia.<\/p>\n<p>La firma se realiz\u00f3 en la sala privada del Ministerio de Educaci\u00f3n y estuvo presidida por la ministra de Educaci\u00f3n, Lic. Silvia Fuentes y el socio administrador de Syotec, Ing, Gast\u00f3n Ch\u00e1vez.<\/p>\n<p>El acuerdo establece un marco de trabajo conjunto para desarrollar experiencias educativas y acciones de asistencia t\u00e9cnica que permitan complementar la formaci\u00f3n acad\u00e9mica con conocimientos y pr\u00e1cticas vinculadas al mundo laboral.<\/p>\n<p>La articulaci\u00f3n tendr\u00e1 especial impacto en estudiantes de escuelas e institutos, con prioridad en la educaci\u00f3n t\u00e9cnica e industrial, y permitir\u00e1 generar propuestas relacionadas con \u00e1reas como montaje electromec\u00e1nico, instalaciones industriales, redes hidr\u00e1ulicas, automatizaci\u00f3n y mantenimiento especializado, campos vinculados con actividades productivas de la provincia.<\/p>\n<p>La ministra de Educaci\u00f3n, Lic. Silvia Fuentes explic\u00f3 que \u201cpara nosotros es fundamental que nuestros estudiantes puedan encontrarse con el mundo del trabajo antes de egresar. La formaci\u00f3n t\u00e9cnica tiene que estar conectada con lo que sucede en nuestras industrias, con las nuevas tecnolog\u00edas y con lo que hoy demanda San Juan\u201d.<\/p>\n<p>\u00abEstos acuerdos permiten ampliar las oportunidades de aprendizaje m\u00e1s all\u00e1 del aula. Cuando una empresa abre sus puertas y pone a disposici\u00f3n su experiencia, sus profesionales y sus conocimientos, estamos generando mejores condiciones para que los j\u00f3venes puedan formarse, conocer distintas realidades laborales y proyectar su futuro\u201d &#8211; concluy\u00f3 la ministra de Educaci\u00f3n, Lic. Silvia Fuentes.<\/p>\n<p>Syotec es una empresa de ingenier\u00eda que desarrolla soluciones vinculadas al montaje electromec\u00e1nico, instalaciones industriales, redes hidr\u00e1ulicas, automatizaci\u00f3n y mantenimiento especializado, con participaci\u00f3n en proyectos relacionados con sectores como la miner\u00eda y la energ\u00eda.<\/p>\n<p>El socio administrador de Syotec, Ing. Gast\u00f3n Ch\u00e1vez remarc\u00f3\u00a0 que \u00abel valor que una empresa local pueda contribuir a la formaci\u00f3n de las nuevas generaciones. Somos una empresa sanjuanina y trabajamos con muchos profesionales que se formaron en nuestra provincia. Conocemos el nivel de nuestros egresados y tambi\u00e9n las necesidades que tiene el sector productivo, por eso creemos que es importante generar este v\u00ednculo desde la etapa de formaci\u00f3n\u201d.<\/p>\n<p>El convenio tambi\u00e9n contempla promover la actualizaci\u00f3n tecnol\u00f3gica de docentes, el intercambio de experiencias, materiales did\u00e1cticos y recursos de apoyo, adem\u00e1s de impulsar acciones destinadas a mejorar la empleabilidad y la capacidad emprendedora de los estudiantes.<\/p>\n<p>Las actividades, los recursos y los cronogramas de cada iniciativa ser\u00e1n definidos mediante acuerdos espec\u00edficos o protocolos adicionales entre las partes, de acuerdo con las caracter\u00edsticas de cada propuesta.<\/p>\n<p><img loading=\"lazy\" decoding=\"async\" class=\"alignnone size-full wp-image-28629\" src=\"https:\/\/vocesparalelas.com.ar\/sitio\/wp-content\/uploads\/2020\/05\/MINISTERIO-EDUCACION-SJ.jpg\" alt=\"\" width=\"800\" height=\"533\" srcset=\"https:\/\/vocesparalelas.com.ar\/sitio\/wp-content\/uploads\/2020\/05\/MINISTERIO-EDUCACION-SJ.jpg 800w, https:\/\/vocesparalelas.com.ar\/sitio\/wp-content\/uploads\/2020\/05\/MINISTERIO-EDUCACION-SJ-300x200.jpg 300w, https:\/\/vocesparalelas.com.ar\/sitio\/wp-content\/uploads\/2020\/05\/MINISTERIO-EDUCACION-SJ-768x512.jpg 768w\" sizes=\"auto, (max-width: 800px) 100vw, 800px\" \/><\/p>\n","protected":false},"excerpt":{"rendered":"<p>El Ministerio de Educaci\u00f3n del Gobierno de San Juan y la empresa de ingenier\u00eda Syotec de San Juan firmaron un<\/p>\n","protected":false},"author":3,"featured_media":102726,"comment_status":"closed","ping_status":"closed","sticky":false,"template":"","format":"standard","meta":{"_acf_changed":false,"_seopress_titles_title":"","_seopress_titles_desc":"","_seopress_robots_index":"","_seopress_robots_follow":"","_seopress_robots_imageindex":"","_seopress_robots_snippet":"","_seopress_robots_primary_cat":"","_seopress_robots_breadcrumbs":"","_seopress_robots_freeze_modified_date":"","_seopress_robots_custom_modified_date":"","_seopress_robots_canonical":"","_seopress_social_fb_title":"","_seopress_social_fb_desc":"","_seopress_social_fb_img":"","_seopress_social_fb_img_attachment_id":0,"_seopress_social_fb_img_width":0,"_seopress_social_fb_img_height":0,"_seopress_social_twitter_title":"","_seopress_social_twitter_desc":"","_seopress_social_twitter_img":"","_seopress_social_twitter_img_attachment_id":0,"_seopress_social_twitter_img_width":0,"_seopress_social_twitter_img_height":0,"_seopress_redirections_value":"","_seopress_redirections_enabled":"","_seopress_redirections_enabled_regex":"","_seopress_redirections_logged_status":"","_seopress_redirections_param":"","_seopress_redirections_type":0,"_seopress_analysis_target_kw":"","colormag_page_container_layout":"default_layout","colormag_page_sidebar_layout":"default_layout","footnotes":""},"categories":[1],"tags":[],"class_list":["post-102725","post","type-post","status-publish","format-standard","has-post-thumbnail","hentry","category-destacadas"],"acf":[],"_links":{"self":[{"href":"https:\/\/vocesparalelas.com.ar\/sitio\/wp-json\/wp\/v2\/posts\/102725","targetHints":{"allow":["GET"]}}],"collection":[{"href":"https:\/\/vocesparalelas.com.ar\/sitio\/wp-json\/wp\/v2\/posts"}],"about":[{"href":"https:\/\/vocesparalelas.com.ar\/sitio\/wp-json\/wp\/v2\/types\/post"}],"author":[{"embeddable":true,"href":"https:\/\/vocesparalelas.com.ar\/sitio\/wp-json\/wp\/v2\/users\/3"}],"replies":[{"embeddable":true,"href":"https:\/\/vocesparalelas.com.ar\/sitio\/wp-json\/wp\/v2\/comments?post=102725"}],"version-history":[{"count":2,"href":"https:\/\/vocesparalelas.com.ar\/sitio\/wp-json\/wp\/v2\/posts\/102725\/revisions"}],"predecessor-version":[{"id":102728,"href":"https:\/\/vocesparalelas.com.ar\/sitio\/wp-json\/wp\/v2\/posts\/102725\/revisions\/102728"}],"wp:featuredmedia":[{"embeddable":true,"href":"https:\/\/vocesparalelas.com.ar\/sitio\/wp-json\/wp\/v2\/media\/102726"}],"wp:attachment":[{"href":"https:\/\/vocesparalelas.com.ar\/sitio\/wp-json\/wp\/v2\/media?parent=102725"}],"wp:term":[{"taxonomy":"category","embeddable":true,"href":"https:\/\/vocesparalelas.com.ar\/sitio\/wp-json\/wp\/v2\/categories?post=102725"},{"taxonomy":"post_tag","embeddable":true,"href":"https:\/\/vocesparalelas.com.ar\/sitio\/wp-json\/wp\/v2\/tags?post=102725"}],"curies":[{"name":"wp","href":"https:\/\/api.w.org\/{rel}","templated":true}]}}