{"id":102720,"date":"2026-09-01T20:08:38","date_gmt":"2026-09-01T23:08:38","guid":{"rendered":"https:\/\/vocesparalelas.com.ar\/sitio\/?p=102720"},"modified":"2026-09-02T00:08:58","modified_gmt":"2026-09-02T03:08:58","slug":"copre-san-juan-incluyo-a-los-19-municipalidades","status":"publish","type":"post","link":"https:\/\/vocesparalelas.com.ar\/sitio\/copre-san-juan-incluyo-a-los-19-municipalidades\/","title":{"rendered":"COPRE San Juan incluy\u00f3 a los 19 Municipalidades"},"content":{"rendered":"<p>El Gobierno de San Juan sum\u00f3 el Martes, 01 de Septiembre a los municipios de toda la provincia al COPRE, en el marco de las acciones preventivas que se llevan adelante ante los pron\u00f3sticos clim\u00e1ticos y la posibilidad de lluvias que puedan generar crecientes.<\/p>\n<p>La reuni\u00f3n se realiz\u00f3 en el Sal\u00f3n Cruce de los Andes del Centro C\u00edvico y estuvo encabezada por el secretario de la Gobernaci\u00f3n, Lic. Emilio Achem; ministro de Infraestructura, Agua y Energ\u00eda, Arq. Fernando Perea; secretario de Seguridad, Dr. Enrique Delgado; director de Hidr\u00e1ulica, Ing. Jos\u00e9 Mar\u00eda Ginestar, junto a representantes municipales y dem\u00e1s integrantes del COPRE Cada municipio fue convocado a trav\u00e9s de dos referentes, aunque tambi\u00e9n participaron varios intendentes.<\/p>\n<p>En este contexto, el secretario de la Gobernaci\u00f3n, Lic. Emilio Achem explic\u00f3 que \u201cconvocamos a los municipios al comit\u00e9 de emergencia para informar sobre los pron\u00f3sticos y coordinar obras, limpieza de cauces, evacuaciones y protocolos ante posibles lluvias y crecientes. Trabajaremos de forma sectorizada y regional, con apoyo privado, y difundiremos \u00fanicamente alertas oficiales a trav\u00e9s de un canal formal de Protecci\u00f3n Civil\u201d.<\/p>\n<p>\u00abSan Juan cuenta con 23 estaciones clim\u00e1ticas provinciales, cuyo funcionamiento permite fortalecer el seguimiento de las condiciones meteorol\u00f3gicas. A esto se suma el trabajo coordinado con Mendoza y C\u00f3rdoba en materia de radares y datos clim\u00e1ticos, con el objetivo de contar con informaci\u00f3n anticipada que permita mejorar la capacidad de respuesta\u00bb.<\/p>\n<p>\u00abLas importantes nevadas registradas representan una buena noticia por el aporte de agua a las reservas h\u00eddricas, aunque advirti\u00f3 que uno de los principales riesgos est\u00e1 asociado a las lluvias y las crecientes que puedan producirse\u00bb &#8211; sintetiz\u00f3 el secretario de la Gobernaci\u00f3n, Lic. Emilio Achem.<\/p>\n<p>El encuentro tuvo inicialmente un car\u00e1cter informativo. Se brind\u00f3 un panorama de los pron\u00f3sticos relacionados con el fen\u00f3meno de El Ni\u00f1o y las precipitaciones previstas, y se explic\u00f3 el trabajo que ya viene desarrollando el Gobierno provincial a trav\u00e9s de la Direcci\u00f3n de Hidr\u00e1ulica, Vialidad Provincial y otras \u00e1reas, adem\u00e1s de la articulaci\u00f3n con empresas privadas en los departamentos donde se identifican mayores necesidades.<\/p>\n<p><span style=\"color: #ff6600;\"><strong>Obras, limpieza y prevenci\u00f3n en cada departamento<\/strong><\/span><\/p>\n<p>Como parte de la incorporaci\u00f3n de los municipios al esquema de emergencia, durante la pr\u00f3xima semana comenzar\u00e1n reuniones m\u00e1s espec\u00edficas entre cada comuna y el Comit\u00e9 de Emergencia. El objetivo ser\u00e1 identificar zonas cr\u00edticas y establecer protocolos de actuaci\u00f3n particulares para cada departamento.<\/p>\n<p>El abordaje contempla tanto trabajos provinciales como tareas propias de los municipios. Hidr\u00e1ulica y Vialidad ya trabajan sobre cauces y sectores de competencia provincial, mientras que los municipios deber\u00e1n reforzar la limpieza de acequias y canales, retirar residuos, yuyos y elementos del arbolado que puedan obstruir el paso del agua y generar desbordes.<\/p>\n<p>Tambi\u00e9n se les solicitar\u00e1 trabajar con las comunidades ubicadas en zonas de riesgo, especialmente aquellas cercanas a r\u00edos o sectores susceptibles de sufrir desbordes, adem\u00e1s de preparar sus equipos de emergencia, asistencia social y posibles lugares de evacuaci\u00f3n.<\/p>\n<p>Algunos cauces atraviesan m\u00e1s de un departamento, por lo que la planificaci\u00f3n deber\u00e1 realizarse de manera conjunta y regional. Como antecedente mencion\u00f3 la creciente registrada en enero de este a\u00f1o en Zonda, que tuvo impacto tambi\u00e9n en Ullum y Rivadavia y requiri\u00f3 la coordinaci\u00f3n entre los tres municipios. Tambi\u00e9n se suma el sector privado<\/p>\n<p>El esquema de emergencia contempla adem\u00e1s la participaci\u00f3n del sector privado. El Gobierno provincial ya tom\u00f3 contacto con empresas constructoras, mineras y otras firmas que cuentan con maquinaria para solicitar que esos recursos puedan estar disponibles ante una eventual emergencia.<\/p>\n<p>Aunque la coordinaci\u00f3n estar\u00e1 a cargo del Comit\u00e9 de Emergencia y los municipios, la prevenci\u00f3n y el cuidado requieren del compromiso de toda la comunidad.<\/p>\n<p>La poblaci\u00f3n prestar especial atenci\u00f3n a las alertas emitidas por los organismos oficiales y evitar la difusi\u00f3n de informaci\u00f3n no confirmada que pueda generar preocupaci\u00f3n o p\u00e1nico innecesario.<\/p>\n<p>El canal formal de difusi\u00f3n, que se dar\u00e1 a conocer pr\u00f3ximamente y que estar\u00e1 vinculado a Protecci\u00f3n Civil, organismo que ya cuenta con reconocimiento y respaldo oficial para comunicar las alertas a la poblaci\u00f3n.<\/p>\n<p>Otro de los puntos centrales ser\u00e1 fortalecer la comunicaci\u00f3n ante eventuales situaciones de riesgo. El Comit\u00e9 de Crisis contar\u00e1 con un equipo espec\u00edfico de comunicaci\u00f3n encargado de brindar informaci\u00f3n oficial.<\/p>\n<p>&nbsp;<\/p>\n<p><img loading=\"lazy\" decoding=\"async\" class=\"alignnone size-full wp-image-65642\" src=\"https:\/\/vocesparalelas.com.ar\/sitio\/wp-content\/uploads\/2023\/11\/GOBIERNO-SAN-JUAN.jpg\" alt=\"\" width=\"800\" height=\"600\" srcset=\"https:\/\/vocesparalelas.com.ar\/sitio\/wp-content\/uploads\/2023\/11\/GOBIERNO-SAN-JUAN.jpg 800w, https:\/\/vocesparalelas.com.ar\/sitio\/wp-content\/uploads\/2023\/11\/GOBIERNO-SAN-JUAN-300x225.jpg 300w, https:\/\/vocesparalelas.com.ar\/sitio\/wp-content\/uploads\/2023\/11\/GOBIERNO-SAN-JUAN-768x576.jpg 768w\" sizes=\"auto, (max-width: 800px) 100vw, 800px\" \/><\/p>\n","protected":false},"excerpt":{"rendered":"<p>El Gobierno de San Juan sum\u00f3 el Martes, 01 de Septiembre a los municipios de toda la provincia al COPRE,<\/p>\n","protected":false},"author":3,"featured_media":102721,"comment_status":"closed","ping_status":"closed","sticky":false,"template":"","format":"standard","meta":{"_acf_changed":false,"_seopress_titles_title":"","_seopress_titles_desc":"","_seopress_robots_index":"","_seopress_robots_follow":"","_seopress_robots_imageindex":"","_seopress_robots_snippet":"","_seopress_robots_primary_cat":"","_seopress_robots_breadcrumbs":"","_seopress_robots_freeze_modified_date":"","_seopress_robots_custom_modified_date":"","_seopress_robots_canonical":"","_seopress_social_fb_title":"","_seopress_social_fb_desc":"","_seopress_social_fb_img":"","_seopress_social_fb_img_attachment_id":0,"_seopress_social_fb_img_width":0,"_seopress_social_fb_img_height":0,"_seopress_social_twitter_title":"","_seopress_social_twitter_desc":"","_seopress_social_twitter_img":"","_seopress_social_twitter_img_attachment_id":0,"_seopress_social_twitter_img_width":0,"_seopress_social_twitter_img_height":0,"_seopress_redirections_value":"","_seopress_redirections_enabled":"","_seopress_redirections_enabled_regex":"","_seopress_redirections_logged_status":"","_seopress_redirections_param":"","_seopress_redirections_type":0,"_seopress_analysis_target_kw":"","colormag_page_container_layout":"default_layout","colormag_page_sidebar_layout":"default_layout","footnotes":""},"categories":[1],"tags":[],"class_list":["post-102720","post","type-post","status-publish","format-standard","has-post-thumbnail","hentry","category-destacadas"],"acf":[],"_links":{"self":[{"href":"https:\/\/vocesparalelas.com.ar\/sitio\/wp-json\/wp\/v2\/posts\/102720","targetHints":{"allow":["GET"]}}],"collection":[{"href":"https:\/\/vocesparalelas.com.ar\/sitio\/wp-json\/wp\/v2\/posts"}],"about":[{"href":"https:\/\/vocesparalelas.com.ar\/sitio\/wp-json\/wp\/v2\/types\/post"}],"author":[{"embeddable":true,"href":"https:\/\/vocesparalelas.com.ar\/sitio\/wp-json\/wp\/v2\/users\/3"}],"replies":[{"embeddable":true,"href":"https:\/\/vocesparalelas.com.ar\/sitio\/wp-json\/wp\/v2\/comments?post=102720"}],"version-history":[{"count":1,"href":"https:\/\/vocesparalelas.com.ar\/sitio\/wp-json\/wp\/v2\/posts\/102720\/revisions"}],"predecessor-version":[{"id":102722,"href":"https:\/\/vocesparalelas.com.ar\/sitio\/wp-json\/wp\/v2\/posts\/102720\/revisions\/102722"}],"wp:featuredmedia":[{"embeddable":true,"href":"https:\/\/vocesparalelas.com.ar\/sitio\/wp-json\/wp\/v2\/media\/102721"}],"wp:attachment":[{"href":"https:\/\/vocesparalelas.com.ar\/sitio\/wp-json\/wp\/v2\/media?parent=102720"}],"wp:term":[{"taxonomy":"category","embeddable":true,"href":"https:\/\/vocesparalelas.com.ar\/sitio\/wp-json\/wp\/v2\/categories?post=102720"},{"taxonomy":"post_tag","embeddable":true,"href":"https:\/\/vocesparalelas.com.ar\/sitio\/wp-json\/wp\/v2\/tags?post=102720"}],"curies":[{"name":"wp","href":"https:\/\/api.w.org\/{rel}","templated":true}]}}