{"id":102716,"date":"2026-09-01T22:02:09","date_gmt":"2026-09-02T01:02:09","guid":{"rendered":"https:\/\/vocesparalelas.com.ar\/sitio\/?p=102716"},"modified":"2026-09-01T22:02:09","modified_gmt":"2026-09-02T01:02:09","slug":"fracaso-la-paritaria-de-docentes-universitarios-y-paro-nacional-por-24-horas-para-el-miercoles-2-de-septiembre","status":"publish","type":"post","link":"https:\/\/vocesparalelas.com.ar\/sitio\/fracaso-la-paritaria-de-docentes-universitarios-y-paro-nacional-por-24-horas-para-el-miercoles-2-de-septiembre\/","title":{"rendered":"Fracas\u00f3 la paritaria de docentes universitarios y paro nacional por 24 horas\u00a0para el Mi\u00e9rcoles, 2 de Septiembre"},"content":{"rendered":"<p class=\"paragraph font__body-regular\">La reuni\u00f3n\u00a0paritaria\u00a0entre el\u00a0Gobierno\u00a0y los\u00a0gremios docentes universitarios\u00a0termin\u00f3 este martes\u00a0sin acuerdo, luego de que las autoridades nacionales ofrecieran un aumento salarial del\u00a03% para septiembre. Desde el Frente Sindical Universitario calificaron al ofrecimiento de \u201cvergonzoso\u201d y\u00a0convocaron a un paro total de actividades para este mi\u00e9rcoles.<\/p>\n<p class=\"paragraph font__body-regular\">\u201cLa paritaria ha quedado inconclusa. El ofrecimiento formal por parte del Gobierno nacional fue de un 3% de aumento para los salarios de los docentes universitarios\u201d, afirm\u00f3\u00a0Emiliano Cagnasi, secretario general de la Asociaci\u00f3n de Docentes de la UBA (ADUBA), quien particip\u00f3 del encuentro como representante de Fedun.<\/p>\n<p class=\"paragraph font__body-regular\">A pesar de la decisi\u00f3n, las facultades de la UBA estar\u00e1n abiertas el mi\u00e9rcoles, ya que la decisi\u00f3n de realizar un paro ser\u00e1 de cada docente.\u00a0Muchas de las sedes dictar\u00e1n clases con normalidad.<\/p>\n<p class=\"paragraph font__body-regular\">La reuni\u00f3n se realiz\u00f3 en el marco de la paritaria nacional de la docencia universitaria y preuniversitaria, una instancia contemplada en la\u00a0<b>Ley de Financiamiento Universitario<\/b>. El principal punto de conflicto fue la diferencia entre el incremento planteado por el Ejecutivo y la recomposici\u00f3n que reclaman los gremios a partir de lo establecido por esa norma.<\/p>\n<p class=\"paragraph font__body-regular\">El\u00a0Ministerio de Capital Humano confirm\u00f3 que la propuesta oficial fue \u201cun aumento del 3%\u00a0en las remuneraciones correspondientes al mes de septiembre\u201d,\u00a0a sumarse al \u201cincremento del 3% fijado para octubre, porcentaje acordado y comprometido formalmente en las mesas de negociaci\u00f3n de junio\u201d.<\/p>\n<p class=\"font--primary font__display\"><span style=\"color: #0000ff;\"><strong>Nuevo paro docente<\/strong><\/span><\/p>\n<p class=\"paragraph font__body-regular\">Los gremios que forman parte del Frente Sindical Universitario rechazaron el \u201cvergonzoso aumento del 3% que ofreci\u00f3 el Gobierno nacional\u201d y convocaron a un paro total de actividades para este mi\u00e9rcoles.<\/p>\n<p class=\"paragraph font__body-regular\">\u201cNo fue una oferta, fue una provocaci\u00f3n. CONADU junto a las dem\u00e1s Federaciones docentes acudimos a la convocatoria a paritarias con la determinaci\u00f3n de\u00a0recuperar lo perdido: 31,2% + agosto + los salarios adeudados y el abordaje del FONID. Adem\u00e1s, planteamos que la \u00fanica resoluci\u00f3n del conflicto es con el cumplimiento irrestricto de la Ley de Financiamiento Universitario\u201d, se\u00f1al\u00f3 Clara Chevalier, Secretaria General de CONADU.<\/p>\n<p class=\"paragraph font__body-regular\">\u201cMa\u00f1ana, todas las federaciones gremiales vamos a una medida de fuerza nacional en las universidades.\u00a0Creemos que es importante retomar el camino del di\u00e1logo con el Gobierno Nacional, pero tiene que hacerse de manera seria, como lo viene pidiendo la Justicia, pero, por sobre todo, la sociedad argentina y la democracia en nuestro pa\u00eds\u201d, plante\u00f3 Cagnacci en un comunicado.<\/p>\n<p class=\"paragraph font__body-regular\">En la reuni\u00f3n con Capital Humano, los gremios plantearon que en el acta del 10 de junio se hab\u00eda comprometido la constituci\u00f3n de una mesa de negociaci\u00f3n para el sistema de preuniversitarios y la necesidad de discutir la implementaci\u00f3n del Convenio Colectivo de Trabajo en lo que respecta al nomenclador salarial y los adicionales por posgrados, pero que no se avanz\u00f3 en ese sentido. Tambi\u00e9n cuestionaron \u201cla falta de respuesta a las becas, gastos de funcionamiento y fondos para hospitales\u201d.<\/p>\n<p class=\"paragraph font__body-regular\">\u201cPlantemos toda nuestra agenda paritaria. Sin embargo, el gobierno dijo que solo estaban dispuestos a pagar un 3% m\u00e1s. Cifra que no guarda anclaje con el Indec ni con nada. Por eso, todo el sistema universitario defini\u00f3 un paro de 24 horas ma\u00f1ana, y a fines de esta semana nos vamos a reunir para evaluar la continuidad del plan de lucha\u201d, explic\u00f3 Chevalier.<\/p>\n<p class=\"paragraph font__body-regular\">Tambi\u00e9n record\u00f3 que \u201cel juez federal Mart\u00edn Cormick le dio al Ejecutivo un plazo de tres d\u00edas para presentar un informe que documente el grado de cumplimiento de la Ley de Financiamiento Universitario\u201d.<\/p>\n<p class=\"font--primary font__display\"><span style=\"color: #0000ff;\"><strong>\u00bfQu\u00e9 reclaman los gremios?<\/strong><\/span><\/p>\n<p class=\"paragraph font__body-regular\">Seg\u00fan explic\u00f3 Cagnasi en di\u00e1logo con\u00a0<b>TN<\/b>, todav\u00eda queda pendiente una actualizaci\u00f3n salarial cercana al\u00a0<b>30%<\/b>. En ese contexto, sostuvo que el 3% propuesto por el Gobierno equivale aproximadamente al\u00a010% de la recomposici\u00f3n\u00a0que consideran adeudada.<\/p>\n<p class=\"paragraph font__body-regular\">\u201cHay que tener en cuenta que existe una Ley de Financiamiento Universitario que establece una actualizaci\u00f3n de los salarios docentes y no docentes, adem\u00e1s de las becas estudiantiles, tomando como referencia diciembre de 2023\u201d, se\u00f1al\u00f3 el dirigente gremial.<\/p>\n<p class=\"paragraph font__body-regular\">Cagnasi tambi\u00e9n hizo referencia a la situaci\u00f3n judicial de la norma y record\u00f3 que la\u00a0<b>Corte Suprema<\/b>\u00a0dej\u00f3 en pie la cautelar vinculada con los art\u00edculos quinto y sexto de la ley. Desde los sindicatos consideran que esa decisi\u00f3n obliga al Ejecutivo a avanzar con su cumplimiento.<\/p>\n<p class=\"paragraph font__body-regular\">El dirigente de ADUBA cuestion\u00f3 adem\u00e1s la din\u00e1mica de la negociaci\u00f3n. \u201cCuando uno se sienta a un di\u00e1logo paritario y\u00a0<b>ese di\u00e1logo se convierte en un mon\u00f3logo<\/b>\u00a0de una de las partes, con un ofrecimiento de apenas el 3%, la situaci\u00f3n resulta dif\u00edcil de comprender\u201d, plante\u00f3.<\/p>\n<p class=\"paragraph font__body-regular\">Desde\u00a0CONADU Hist\u00f3rica\u00a0coincidieron en el rechazo a la propuesta oficial.\u00a0Francisca Staiti, secretaria general de la federaci\u00f3n, afirm\u00f3 al finalizar el encuentro que la negociaci\u00f3n hab\u00eda\u00a0\u201cfracasado\u201d\u00a0y se\u00f1al\u00f3 que el ofrecimiento se encontraba muy por debajo de lo reclamado.<\/p>\n<p class=\"paragraph font__body-regular\">\u201cEl Gobierno trajo una propuesta de 3% de recomposici\u00f3n para septiembre, muy lejos del 31,2% que se nos est\u00e1 adeudando a julio por la cautelar de la Justicia que establece el cumplimiento de la Ley de Financiamiento Universitario, m\u00e1s la\u00a0inflaci\u00f3n\u00a0que corresponde a agosto\u201d, sostuvo Staiti.<\/p>\n<p class=\"paragraph font__body-regular\">De acuerdo con el comunicado difundido por la CTA despu\u00e9s de la reuni\u00f3n, CONADU Hist\u00f3rica reclam\u00f3 recuperar lo perdido en materia salarial y establecer hacia adelante\u00a0actualizaciones mensuales\u00a0que sean, como m\u00ednimo, equivalentes a la inflaci\u00f3n. La organizaci\u00f3n se\u00f1al\u00f3 adem\u00e1s que el ofrecimiento oficial no contempl\u00f3 una recomposici\u00f3n de la p\u00e9rdida acumulada.<\/p>\n<p class=\"font--primary font__display\"><strong><span style=\"color: #0000ff;\">Cr\u00edticas al Gobierno de Javier Milei<\/span><\/strong><\/p>\n<p class=\"paragraph font__body-regular\">Cagnasi, por su parte, endureci\u00f3 sus cr\u00edticas al Gobierno por la falta de acuerdo. \u201cCreemos que ha sido\u00a0inoportuno e intencional no escuchar. Es darle la espalda a la Justicia, al Poder Legislativo, que sancion\u00f3 una ley, y tambi\u00e9n a la sociedad argentina, que sali\u00f3 cuatro veces a marchar en defensa de un derecho que considera propio\u201d, afirm\u00f3.<\/p>\n<p class=\"paragraph font__body-regular\">El titular de ADUBA aclar\u00f3 que el planteo gremial no consiste simplemente en reclamar un aumento del 30%. Seg\u00fan explic\u00f3, el Gobierno present\u00f3 ante la Justicia el anterior acuerdo paritario y ese avance fue considerado dentro del proceso para dar cumplimiento a la norma. Sin embargo, sostuvo que todav\u00eda queda una diferencia cercana a ese porcentaje.<\/p>\n<p class=\"paragraph font__body-regular\">\u201cFrente a esa diferencia pendiente, el 3% ofrecido representa apenas un 10% de lo que resta recomponer. Ese ofrecimiento es\u00a0claramente inaceptable\u00a0y entendemos que es intencional\u201d, asegur\u00f3.<\/p>\n<p class=\"paragraph font__body-regular\">Cagnasi sostuvo adem\u00e1s que los gremios comprenden la necesidad de mantener ordenadas las cuentas p\u00fablicas, pero rechaz\u00f3 que el ajuste recaiga sobre el sector universitario. \u201cUno puede entender e incluso estar de acuerdo con que las cuentas del Estado nacional tienen que cerrar. Lo que\u00a0no se puede aceptar es que la variable de ajuste seamos los trabajadores universitarios\u00a0cuando existe una ley y cuando la Corte estableci\u00f3 que debe cumplirse\u201d, expres\u00f3.<\/p>\n<p class=\"paragraph font__body-regular\">El fracaso de la negociaci\u00f3n abre ahora un nuevo escenario de conflicto. Cagnasi adelant\u00f3 que este\u00a0<b>mi\u00e9rcoles\u00a0<\/b>habr\u00e1 definiciones sobre los pr\u00f3ximos pasos del sector: \u201cSeguramente, una vez que termine la paritaria, esta situaci\u00f3n nos va a llevar a definir una\u00a0medida de fuerza para el d\u00eda de ma\u00f1ana\u201d.<\/p>\n<p class=\"paragraph font__body-regular\">En paralelo, CONADU Hist\u00f3rica anunci\u00f3 un\u00a0paro nacional de 24 horas\u00a0para este mi\u00e9rcoles. Oscar Vallejos, secretario adjunto de la federaci\u00f3n y secretario de Formaci\u00f3n de la CTA, sostuvo que el Gobierno convoc\u00f3 a la negociaci\u00f3n \u201ca los \u00fanicos efectos de ganar tiempo en la Justicia\u201d y confirm\u00f3 la huelga.<\/p>\n<p class=\"paragraph font__body-regular\">El dirigente inform\u00f3 adem\u00e1s que el\u00a0Frente Gremial Universitario\u00a0volver\u00e1 a analizar la continuidad del conflicto el jueves 3 de septiembre en Bariloche, en ocasi\u00f3n del plenario del Consejo Universitario Nacional, donde se discutir\u00e1n nuevas medidas de fuerza.<\/p>\n<p><img loading=\"lazy\" decoding=\"async\" class=\"alignnone size-full wp-image-102718\" src=\"https:\/\/vocesparalelas.com.ar\/sitio\/wp-content\/uploads\/2026\/09\/PARO-UNIVERSITARIO-01.jpg\" alt=\"\" width=\"800\" height=\"448\" srcset=\"https:\/\/vocesparalelas.com.ar\/sitio\/wp-content\/uploads\/2026\/09\/PARO-UNIVERSITARIO-01.jpg 800w, https:\/\/vocesparalelas.com.ar\/sitio\/wp-content\/uploads\/2026\/09\/PARO-UNIVERSITARIO-01-300x168.jpg 300w, https:\/\/vocesparalelas.com.ar\/sitio\/wp-content\/uploads\/2026\/09\/PARO-UNIVERSITARIO-01-768x430.jpg 768w\" sizes=\"auto, (max-width: 800px) 100vw, 800px\" \/><\/p>\n<p>Fuente: TN<\/p>\n","protected":false},"excerpt":{"rendered":"<p>La reuni\u00f3n\u00a0paritaria\u00a0entre el\u00a0Gobierno\u00a0y los\u00a0gremios docentes universitarios\u00a0termin\u00f3 este martes\u00a0sin acuerdo, luego de que las autoridades nacionales ofrecieran un aumento salarial del\u00a03%<\/p>\n","protected":false},"author":3,"featured_media":102717,"comment_status":"closed","ping_status":"closed","sticky":false,"template":"","format":"standard","meta":{"_acf_changed":false,"_seopress_titles_title":"","_seopress_titles_desc":"","_seopress_robots_index":"","_seopress_robots_follow":"","_seopress_robots_imageindex":"","_seopress_robots_snippet":"","_seopress_robots_primary_cat":"","_seopress_robots_breadcrumbs":"","_seopress_robots_freeze_modified_date":"","_seopress_robots_custom_modified_date":"","_seopress_robots_canonical":"","_seopress_social_fb_title":"","_seopress_social_fb_desc":"","_seopress_social_fb_img":"","_seopress_social_fb_img_attachment_id":0,"_seopress_social_fb_img_width":0,"_seopress_social_fb_img_height":0,"_seopress_social_twitter_title":"","_seopress_social_twitter_desc":"","_seopress_social_twitter_img":"","_seopress_social_twitter_img_attachment_id":0,"_seopress_social_twitter_img_width":0,"_seopress_social_twitter_img_height":0,"_seopress_redirections_value":"","_seopress_redirections_enabled":"","_seopress_redirections_enabled_regex":"","_seopress_redirections_logged_status":"","_seopress_redirections_param":"","_seopress_redirections_type":0,"_seopress_analysis_target_kw":"","colormag_page_container_layout":"default_layout","colormag_page_sidebar_layout":"default_layout","footnotes":""},"categories":[1],"tags":[],"class_list":["post-102716","post","type-post","status-publish","format-standard","has-post-thumbnail","hentry","category-destacadas"],"acf":[],"_links":{"self":[{"href":"https:\/\/vocesparalelas.com.ar\/sitio\/wp-json\/wp\/v2\/posts\/102716","targetHints":{"allow":["GET"]}}],"collection":[{"href":"https:\/\/vocesparalelas.com.ar\/sitio\/wp-json\/wp\/v2\/posts"}],"about":[{"href":"https:\/\/vocesparalelas.com.ar\/sitio\/wp-json\/wp\/v2\/types\/post"}],"author":[{"embeddable":true,"href":"https:\/\/vocesparalelas.com.ar\/sitio\/wp-json\/wp\/v2\/users\/3"}],"replies":[{"embeddable":true,"href":"https:\/\/vocesparalelas.com.ar\/sitio\/wp-json\/wp\/v2\/comments?post=102716"}],"version-history":[{"count":1,"href":"https:\/\/vocesparalelas.com.ar\/sitio\/wp-json\/wp\/v2\/posts\/102716\/revisions"}],"predecessor-version":[{"id":102719,"href":"https:\/\/vocesparalelas.com.ar\/sitio\/wp-json\/wp\/v2\/posts\/102716\/revisions\/102719"}],"wp:featuredmedia":[{"embeddable":true,"href":"https:\/\/vocesparalelas.com.ar\/sitio\/wp-json\/wp\/v2\/media\/102717"}],"wp:attachment":[{"href":"https:\/\/vocesparalelas.com.ar\/sitio\/wp-json\/wp\/v2\/media?parent=102716"}],"wp:term":[{"taxonomy":"category","embeddable":true,"href":"https:\/\/vocesparalelas.com.ar\/sitio\/wp-json\/wp\/v2\/categories?post=102716"},{"taxonomy":"post_tag","embeddable":true,"href":"https:\/\/vocesparalelas.com.ar\/sitio\/wp-json\/wp\/v2\/tags?post=102716"}],"curies":[{"name":"wp","href":"https:\/\/api.w.org\/{rel}","templated":true}]}}