{"id":102709,"date":"2026-09-01T20:54:50","date_gmt":"2026-09-01T23:54:50","guid":{"rendered":"https:\/\/vocesparalelas.com.ar\/sitio\/?p=102709"},"modified":"2026-09-01T20:54:50","modified_gmt":"2026-09-01T23:54:50","slug":"disfruta-teatro-expres-en-san-juan","status":"publish","type":"post","link":"https:\/\/vocesparalelas.com.ar\/sitio\/disfruta-teatro-expres-en-san-juan\/","title":{"rendered":"Disfruta \u00abTeatro Expres\u00bb en San Juan"},"content":{"rendered":"<p>El S\u00e1bado, 5 de septiembre, a las 21:30 horas, en la Cooperativa Teatro de Arte de San Juan, 23 artistas de San Juan participan en la edici\u00f3n Off de Teatro Expres. Adem\u00e1s, se presenta la Compa\u00f1\u00eda de Madrid, Espa\u00f1a Mutable XT con la obra \u201cIntento de pertenecer\u201d.<\/p>\n<p>Finaliz\u00f3 la convocatoria para participar del Laboratorio en el marco de de Teatro Expres, Experimental de Pr\u00e1cticas Espor\u00e1dicas y el resultado fue la conformaci\u00f3n de un grupo de 23 actores, actrices, directores, artistas audiovisuales, t\u00e9cnicos de sonido e iluminaci\u00f3n que tienen la tarea de montar un espect\u00e1culo para mostrar ese mismo d\u00eda al p\u00fablico.<\/p>\n<p>En 2018, los hermanos Slavutzky llevaron adelante la primera edici\u00f3n de este evento en el Teatro Sarmiento de San Juan. En aquella oportunidad se convoc\u00f3 a 40 artistas locales que, organizados por azar en cuatro grupos, crearon piezas breves en tan s\u00f3lo doce horas.<\/p>\n<p>En el 2026, a partir de esa experiencia fundacional, los organizadores, Benjam\u00edn Slavutzky, actualmente residente en Madrid, Espa\u00f1a y Giselle Slavutzky. Iglesia, San Juan propusieron un laboratorio autogestionado con mayor intervenci\u00f3n art\u00edstica y curatorial sumando la participaci\u00f3n de la actriz espa\u00f1ola Encarna Gomez en el rol de direcci\u00f3n actoral.<\/p>\n<p>El grupo participante se sumerge desde las 10 horas, en una cl\u00ednica intensiva en la Cooperativa Teatro de Arte de San Juan, y a las 21:30 se abren las puertas al p\u00fablico para compartir el trabajado hasta el momento y tambi\u00e9n la obra breve Intento de pertenecer, de la Compa\u00f1\u00eda de Madrid, Espa\u00f1a Mutable XT con la obra \u201cIntento de pertenecer\u201d, que son parte Benjam\u00edn Slavutzky y Encarna Gomez.<\/p>\n<p>Para esta edici\u00f3n se suma como aliada estrat\u00e9gica a la Cooperativa Teatro de Arte de San Juan, Bernardo O&#8217;Higgins 501, Este, San Juan, en cuyo espacio se desarrolla la totalidad de la jornada: desde la apertura por la ma\u00f1ana hasta la muestra final en la noche.<\/p>\n<p>Las entradas anticipadas para la muestra ya est\u00e1n en venta y pueden adquirirse por $10mil al +5492644678737.<\/p>\n<p><img loading=\"lazy\" decoding=\"async\" class=\"alignnone size-full wp-image-102711\" src=\"https:\/\/vocesparalelas.com.ar\/sitio\/wp-content\/uploads\/2026\/09\/TEATRO-ARTE.jpg\" alt=\"\" width=\"800\" height=\"475\" srcset=\"https:\/\/vocesparalelas.com.ar\/sitio\/wp-content\/uploads\/2026\/09\/TEATRO-ARTE.jpg 800w, https:\/\/vocesparalelas.com.ar\/sitio\/wp-content\/uploads\/2026\/09\/TEATRO-ARTE-300x178.jpg 300w, https:\/\/vocesparalelas.com.ar\/sitio\/wp-content\/uploads\/2026\/09\/TEATRO-ARTE-768x456.jpg 768w\" sizes=\"auto, (max-width: 800px) 100vw, 800px\" \/><\/p>\n<p>&nbsp;<\/p>\n<p>&nbsp;<\/p>\n<p>&nbsp;<\/p>\n","protected":false},"excerpt":{"rendered":"<p>El S\u00e1bado, 5 de septiembre, a las 21:30 horas, en la Cooperativa Teatro de Arte de San Juan, 23 artistas<\/p>\n","protected":false},"author":3,"featured_media":102710,"comment_status":"closed","ping_status":"closed","sticky":false,"template":"","format":"standard","meta":{"_acf_changed":false,"_seopress_titles_title":"","_seopress_titles_desc":"","_seopress_robots_index":"","_seopress_robots_follow":"","_seopress_robots_imageindex":"","_seopress_robots_snippet":"","_seopress_robots_primary_cat":"","_seopress_robots_breadcrumbs":"","_seopress_robots_freeze_modified_date":"","_seopress_robots_custom_modified_date":"","_seopress_robots_canonical":"","_seopress_social_fb_title":"","_seopress_social_fb_desc":"","_seopress_social_fb_img":"","_seopress_social_fb_img_attachment_id":0,"_seopress_social_fb_img_width":0,"_seopress_social_fb_img_height":0,"_seopress_social_twitter_title":"","_seopress_social_twitter_desc":"","_seopress_social_twitter_img":"","_seopress_social_twitter_img_attachment_id":0,"_seopress_social_twitter_img_width":0,"_seopress_social_twitter_img_height":0,"_seopress_redirections_value":"","_seopress_redirections_enabled":"","_seopress_redirections_enabled_regex":"","_seopress_redirections_logged_status":"","_seopress_redirections_param":"","_seopress_redirections_type":0,"_seopress_analysis_target_kw":"","colormag_page_container_layout":"default_layout","colormag_page_sidebar_layout":"default_layout","footnotes":""},"categories":[1],"tags":[],"class_list":["post-102709","post","type-post","status-publish","format-standard","has-post-thumbnail","hentry","category-destacadas"],"acf":[],"_links":{"self":[{"href":"https:\/\/vocesparalelas.com.ar\/sitio\/wp-json\/wp\/v2\/posts\/102709","targetHints":{"allow":["GET"]}}],"collection":[{"href":"https:\/\/vocesparalelas.com.ar\/sitio\/wp-json\/wp\/v2\/posts"}],"about":[{"href":"https:\/\/vocesparalelas.com.ar\/sitio\/wp-json\/wp\/v2\/types\/post"}],"author":[{"embeddable":true,"href":"https:\/\/vocesparalelas.com.ar\/sitio\/wp-json\/wp\/v2\/users\/3"}],"replies":[{"embeddable":true,"href":"https:\/\/vocesparalelas.com.ar\/sitio\/wp-json\/wp\/v2\/comments?post=102709"}],"version-history":[{"count":1,"href":"https:\/\/vocesparalelas.com.ar\/sitio\/wp-json\/wp\/v2\/posts\/102709\/revisions"}],"predecessor-version":[{"id":102712,"href":"https:\/\/vocesparalelas.com.ar\/sitio\/wp-json\/wp\/v2\/posts\/102709\/revisions\/102712"}],"wp:featuredmedia":[{"embeddable":true,"href":"https:\/\/vocesparalelas.com.ar\/sitio\/wp-json\/wp\/v2\/media\/102710"}],"wp:attachment":[{"href":"https:\/\/vocesparalelas.com.ar\/sitio\/wp-json\/wp\/v2\/media?parent=102709"}],"wp:term":[{"taxonomy":"category","embeddable":true,"href":"https:\/\/vocesparalelas.com.ar\/sitio\/wp-json\/wp\/v2\/categories?post=102709"},{"taxonomy":"post_tag","embeddable":true,"href":"https:\/\/vocesparalelas.com.ar\/sitio\/wp-json\/wp\/v2\/tags?post=102709"}],"curies":[{"name":"wp","href":"https:\/\/api.w.org\/{rel}","templated":true}]}}