{"id":102700,"date":"2026-09-01T12:50:20","date_gmt":"2026-09-01T15:50:20","guid":{"rendered":"https:\/\/vocesparalelas.com.ar\/sitio\/?p=102700"},"modified":"2026-09-01T13:09:58","modified_gmt":"2026-09-01T16:09:58","slug":"audiencia-publica-hacia-el-proyecto-parque-solar-fotovoltaico-comunitario-hibrido-de-iglesia-10-mwp-con-almacenamiento-en-el-departamento-iglesia-de-san-juan","status":"publish","type":"post","link":"https:\/\/vocesparalelas.com.ar\/sitio\/audiencia-publica-hacia-el-proyecto-parque-solar-fotovoltaico-comunitario-hibrido-de-iglesia-10-mwp-con-almacenamiento-en-el-departamento-iglesia-de-san-juan\/","title":{"rendered":"Audiencia P\u00fablica hacia el Proyecto \u201cParque Solar Fotovoltaico Comunitario H\u00edbrido de Iglesia 10 MWp con Almacenamiento\u201d en el Departamento Iglesia de San Juan"},"content":{"rendered":"<div class=\"xb57i2i x1q594ok x5lxg6s x78zum5 xdt5ytf x6ikm8r x1ja2u2z x1pq812k x1rohswg xfk6m8 x1yqm8si xjx87ck xx8ngbg xwo3gff x1n2onr6 x1oyok0e x1odjw0f x1iyjqo2 xy5w88m\">\n<div class=\"x78zum5 xdt5ytf x1iyjqo2 x1n2onr6 xaci4zi x129vozr\">\n<div class=\"html-div xdj266r x14z9mp xat24cr x1lziwak xexx8yu xyri2b x18d9i69 x1c1uobl x78zum5 xdt5ytf x1iyjqo2 x7ywyr2\">\n<div class=\"x6ikm8r x10wlt62\">\n<div class=\"x1yztbdb x1n2onr6 xh8yej3 x1ja2u2z\">\n<div class=\"x1n2onr6 x1ja2u2z\">\n<div class=\"x1a2a7pz\" role=\"article\" aria-posinset=\"1\">\n<div class=\"x78zum5 xdt5ytf\" data-virtualized=\"false\">\n<div class=\"x9f619 x1n2onr6 x1ja2u2z\">\n<div class=\"html-div xdj266r x14z9mp xat24cr x1lziwak xexx8yu xyri2b x18d9i69 x1c1uobl x78zum5 x1n2onr6 xh8yej3\">\n<div class=\"x1n2onr6 x1ja2u2z x1jx94hy xw5cjc7 x1dmpuos x1vsv7so xau1kf4 x9f619 xh8yej3 x6ikm8r x10wlt62\">\n<div class=\"html-div xdj266r x14z9mp xat24cr x1lziwak xexx8yu xyri2b x18d9i69 x1c1uobl\">\n<div class=\"html-div xdj266r x14z9mp xat24cr x1lziwak xexx8yu xyri2b x18d9i69 x1c1uobl\">\n<div class=\"html-div xdj266r x14z9mp xat24cr x1lziwak xexx8yu xyri2b x18d9i69 x1c1uobl\">\n<div class=\"html-div xdj266r x14z9mp xat24cr x1lziwak xexx8yu xyri2b x18d9i69 x1c1uobl\">\n<div class=\"html-div xdj266r x14z9mp xat24cr x1lziwak xexx8yu xyri2b x18d9i69 x1c1uobl\" dir=\"auto\">\n<div class=\"html-div xdj266r x14z9mp xat24cr x1lziwak xexx8yu xyri2b x18d9i69 x1c1uobl\" data-ad-rendering-role=\"story_message\">\n<div class=\"x1l90r2v x1iorvi4 x1g0dm76 xpdmqnj\" data-ad-comet-preview=\"message\" data-ad-preview=\"message\">\n<div class=\"x78zum5 xdt5ytf xz62fqu x16ldp7u\">\n<div class=\"xu06os2 x1ok221b\">\n<div class=\"html-div xdj266r x14z9mp xat24cr x1lziwak xexx8yu xyri2b x18d9i69 x1c1uobl\">\n<div class=\"xdj266r x14z9mp xat24cr x1lziwak x1vvkbs x126k92a\">\n<div dir=\"auto\">En el Espacio Cultural Pismanta, en la Localidad Las Flores, se llev\u00f3 a cabo la Audiencia P\u00fablica por el proyecto \u201cParque Solar Fotovoltaico Comunitario H\u00edbrido de Iglesia 10 MWp con Almacenamiento\u201d, una instancia fundamental para continuar avanzando hacia la concreci\u00f3n de esta importante obra para nuestro departamento<\/div>\n<\/div>\n<div class=\"x14z9mp xat24cr x1lziwak x1vvkbs xtlvy1s x126k92a\">\n<div dir=\"auto\"><\/div>\n<div dir=\"auto\">La Audiencia P\u00fablica fue convocada por la Secretar\u00eda de Estado de Ambiente y Desarrollo Sustentable de la Provincia de San Juan, a solicitud de Energ\u00eda Provincial Sociedad del Estado (EPSE), en el marco del procedimiento para la obtenci\u00f3n de la Declaraci\u00f3n de Impacto Ambiental.<\/div>\n<\/div>\n<div class=\"x14z9mp xat24cr x1lziwak x1vvkbs xtlvy1s x126k92a\">\n<div dir=\"auto\"><\/div>\n<div dir=\"auto\">Desde la Municipalidad de Iglesia particip\u00f3 el intendente Dr. Jorge Espejo, acompa\u00f1ado por el concejal Enrique Mu\u00f1oz y funcionarios municipales.<\/div>\n<\/div>\n<div class=\"x14z9mp xat24cr x1lziwak x1vvkbs xtlvy1s x126k92a\">\n<div dir=\"auto\"><\/div>\n<div dir=\"auto\">Por EPSE estuvieron presentes el Presidente Ing. Lucas Estrada, el Gerente de Ingenier\u00eda y Desarrollo, Ricardo Rubio; el S\u00edndico de la empresa, Mat\u00edas Garc\u00e9s; el auditor y consultor Armando S\u00e1nchez; y el subgerente de Obras, Andr\u00e9s Paredes. Asimismo, particip\u00f3 la directora de Evaluaci\u00f3n de Impacto Ambiental de la Secretar\u00eda de Estado de Ambiente y Desarrollo Sustentable, Ing. Elizabeth Soria.<\/div>\n<\/div>\n<div class=\"x14z9mp xat24cr x1lziwak x1vvkbs xtlvy1s x126k92a\">\n<div dir=\"auto\"><\/div>\n<div dir=\"auto\">El proyecto contempla la construcci\u00f3n de un Parque Solar Fotovoltaico Comunitario de 10 MWp, con sistema de almacenamiento de energ\u00eda, que estar\u00e1 ubicado en un predio correspondiente al Parque Industrial Minero de Iglesia.<\/div>\n<\/div>\n<div class=\"x14z9mp xat24cr x1lziwak x1vvkbs xtlvy1s x126k92a\">\n<div dir=\"auto\">La obra cuenta con un presupuesto estimado de $18.614 millones, ser\u00e1 financiada mediante el Fideicomiso Fase 6 Veladero y prev\u00e9 un plazo de ejecuci\u00f3n de 360 d\u00edas corridos, con inicio proyectado para octubre de 2026.<\/div>\n<div dir=\"auto\"><\/div>\n<div dir=\"auto\">Durante su construcci\u00f3n se estima una demanda de mano de obra de hasta 150 personas, representando una importante oportunidad laboral y de participaci\u00f3n para trabajadores y empresas locales.<\/div>\n<div dir=\"auto\"><\/div>\n<div dir=\"auto\">Pero su importancia va mucho m\u00e1s all\u00e1 de la obra en s\u00ed. El proyecto busca fortalecer la infraestructura energ\u00e9tica de Iglesia, acompa\u00f1ar el crecimiento poblacional y productivo del departamento y generar condiciones para nuevas inversiones y actividades que necesitan una mayor disponibilidad de energ\u00eda.<\/div>\n<div dir=\"auto\"><\/div>\n<div dir=\"auto\">Adem\u00e1s, entre los objetivos planteados se encuentra que los beneficios del proyecto puedan alcanzar directamente a los usuarios residenciales de Iglesia, con un impacto positivo sobre el costo de la energ\u00eda. M\u00e1s energ\u00eda significa tambi\u00e9n m\u00e1s posibilidades de crecer.<\/div>\n<div dir=\"auto\">\n<p>Esta Audiencia P\u00fablica representa un nuevo paso para una obra estrat\u00e9gica, pensada no solamente para las necesidades actuales, sino para el Iglesia que queremos construir hacia el futuro: con m\u00e1s infraestructura, m\u00e1s oportunidades, m\u00e1s trabajo y mejores condiciones para su desarrollo.<\/p>\n<\/div>\n<\/div>\n<\/div>\n<\/div>\n<\/div>\n<\/div>\n<\/div>\n<\/div>\n<div class=\"html-div xdj266r x14z9mp xat24cr x1lziwak xexx8yu xyri2b x18d9i69 x1c1uobl x1n2onr6\">\n<div class=\"html-div xdj266r x14z9mp xat24cr x1lziwak xexx8yu xyri2b x18d9i69 x1c1uobl x1n2onr6\">\n<div class=\"html-div xdj266r x14z9mp xat24cr x1lziwak xexx8yu xyri2b x18d9i69 x1c1uobl\">\n<div class=\"x1n2onr6\">\n<div class=\"x1n2onr6\">\n<div class=\"x6ikm8r x10wlt62 x10l6tqk\">\n<div class=\"x1lliihq x5yr21d x1n2onr6 xh8yej3 x1ja2u2z\">\n<div class=\"x1lliihq x5yr21d x1n2onr6 xh8yej3 x1ja2u2z\">\n<div class=\"x1lliihq x5yr21d x1n2onr6 xh8yej3 x1ja2u2z\">\n<div class=\"x1lliihq x5yr21d x1n2onr6 xh8yej3 x1ja2u2z\">\n<div class=\"x1lliihq x5yr21d x1n2onr6 xh8yej3 x1ja2u2z\">\n<div class=\"x5yr21d x1n2onr6 xh8yej3\">\n<div class=\"x5yr21d x1n2onr6 xh8yej3\">\n<div class=\"x5yr21d x1uhb9sk xh8yej3\"><\/div>\n<\/div>\n<\/div>\n<\/div>\n<\/div>\n<\/div>\n<\/div>\n<div data-instancekey=\"id-vpuid-f4dab4ff22f010c95\">\n<div class=\"x5yr21d x10l6tqk x13vifvy xh8yej3\" role=\"group\" aria-label=\"Video player\" data-visualcompletion=\"ignore\">\n<div class=\"x1ey2m1c x10l6tqk x1d8287x x6o7n8i xl405pv xh8yej3 x11uqc5h x6s0dn4 xzt5al7 x78zum5 x1q0g3np\">\n<div class=\"x6s0dn4 x78zum5 x1q0g3np x2lah0s xozqiw3 x1iyjqo2 x1fmh03i x47corl\">\n<div class=\"x4k7w5x x1h91t0o x1beo9mf xaigb6o x12ejxvf x3igimt xarpa2k xedcshv x1lytzrv x1t2pt76 x7ja8zs x1n2onr6 x1qrby5j x1jfb8zj\">\n<div class=\"x1ypdohk x1y1aw1k xyri2b xwib8y2 x1c1uobl x1n2onr6 x87ps6o xh8yej3\" tabindex=\"0\" role=\"slider\" aria-label=\"Change Position\" aria-orientation=\"horizontal\" aria-valuemax=\"63\" aria-valuemin=\"0\" aria-valuenow=\"8\" aria-valuetext=\"0:08 de 1:03\">\n<div class=\"x1rwy58d xr9e8f9 x1e4oeot x1ui04y5 x6en5u8 xpdb0fs xuoj239 xd9u3wd x87ps6o\">\n<div class=\"x1evw4sf xr9e8f9 x1e4oeot x1ui04y5 x6en5u8 xuoj239 x10l6tqk x87ps6o\" data-visualcompletion=\"ignore\"><img loading=\"lazy\" decoding=\"async\" class=\"alignnone size-full wp-image-91565\" src=\"https:\/\/vocesparalelas.com.ar\/sitio\/wp-content\/uploads\/2025\/09\/MUNICIPALIDAD-IGLESIA.jpg\" alt=\"\" width=\"800\" height=\"533\" srcset=\"https:\/\/vocesparalelas.com.ar\/sitio\/wp-content\/uploads\/2025\/09\/MUNICIPALIDAD-IGLESIA.jpg 800w, https:\/\/vocesparalelas.com.ar\/sitio\/wp-content\/uploads\/2025\/09\/MUNICIPALIDAD-IGLESIA-300x200.jpg 300w, https:\/\/vocesparalelas.com.ar\/sitio\/wp-content\/uploads\/2025\/09\/MUNICIPALIDAD-IGLESIA-768x512.jpg 768w\" sizes=\"auto, (max-width: 800px) 100vw, 800px\" \/><\/div>\n<\/div>\n<\/div>\n<\/div>\n<\/div>\n<\/div>\n<\/div>\n<\/div>\n<\/div>\n<\/div>\n<\/div>\n<\/div>\n<\/div>\n<\/div>\n<\/div>\n<\/div>\n<div>\n<div class=\"xabvvm4 xeyy32k x1ia1hqs x1a2w583 x6ikm8r x10wlt62\" data-visualcompletion=\"ignore-dynamic\">\n<div class=\"html-div xdj266r x14z9mp xat24cr x1lziwak xexx8yu x18d9i69 x1g0dm76 xpdmqnj x1n2onr6\">\n<div class=\"html-div x14z9mp xat24cr x1lziwak xexx8yu xyri2b x18d9i69 x1c1uobl x1gslohp\">\n<div class=\"x78zum5 xdt5ytf\" data-virtualized=\"false\">\n<div class=\"x9f619 x1n2onr6 x1ja2u2z\">\n<div class=\"x18xomjl xbcz3fp\">\n<div class=\"x1g0dm76 x1iorvi4 x78zum5 x1q0g3np x1a2a7pz x1n2onr6\" tabindex=\"-1\" role=\"article\" aria-label=\"Comentario de Mario R Gd Hace 2 horas\">\n<div class=\"x1r8uery x1iyjqo2 x6ikm8r x10wlt62 xv54qhq\">\n<div>\n<div class=\"x1rg5ohu xxymvpz x17z2i9w\"><\/div>\n<\/div>\n<\/div>\n<\/div>\n<\/div>\n<\/div>\n<\/div>\n<div class=\"x78zum5 xdt5ytf\" data-virtualized=\"false\">\n<div class=\"x9f619 x1n2onr6 x1ja2u2z\">\n<div>\n<div class=\"x18xomjl xbcz3fp\">\n<div class=\"x1g0dm76 x1iorvi4 x78zum5 x1q0g3np x1a2a7pz x1n2onr6\" tabindex=\"-1\" role=\"article\" aria-label=\"Comentario de Hilda Mesina Hace 12 horas\">\n<div class=\"x1r8uery x1iyjqo2 x6ikm8r x10wlt62 xv54qhq\">\n<div class=\"x6s0dn4 x3nfvp2\">\n<div class=\"xf7dkkf\">\n<div class=\"html-div xdj266r x14z9mp xat24cr x1lziwak xexx8yu xyri2b x18d9i69 x1c1uobl\"><\/div>\n<\/div>\n<\/div>\n<\/div>\n<\/div>\n<div class=\"html-div xdj266r x14z9mp xat24cr x1lziwak xexx8yu xyri2b x18d9i69 x1c1uobl\"><\/div>\n<\/div>\n<\/div>\n<\/div>\n<\/div>\n<div class=\"html-div xdj266r x14z9mp xat24cr x1lziwak xexx8yu xyri2b x18d9i69 x1c1uobl x78zum5 x1a02dak x13a6bvl\"><\/div>\n<\/div>\n<\/div>\n<\/div>\n<\/div>\n<\/div>\n<\/div>\n<\/div>\n<\/div>\n<\/div>\n<\/div>\n<\/div>\n<\/div>\n<\/div>\n<\/div>\n<\/div>\n<\/div>\n<\/div>\n<div class=\"x78zum5 xdt5ytf x2lah0s x10wjd1d xtijo5x x1o0tod x47corl x7wzq59 x1vjfegm x1l3hj4d x3m8hty x13a6bvl x1yztbdb\">\n<div class=\"x2lah0s xlup9mm x7wzq59 x7r5tp8 x1s928wv x1a5uphr x1j6awrg x1s71c9q x4eaejv x1ey2m1c xtjevij\"><\/div>\n<\/div>\n<div class=\"x14nfmen x1s85apg x5yr21d xtijo5x xg01cxk x10l6tqk x13vifvy x1wsgiic x19991ni xwji4o3 x1kky2od x1sd63oq\" data-visualcompletion=\"ignore\" data-thumb=\"1\"><\/div>\n<div class=\"x9f619 x1s85apg xtijo5x xexx8yu x18d9i69 x135b78x x11lfxj5 x47corl x10l6tqk x13vifvy x1n4smgl x19991ni xwji4o3 x1kky2od x1hc1fzr x1mq3mr6\" data-visualcompletion=\"ignore\" data-thumb=\"1\">\n<div class=\"x1hwfnsy xjwep3j x1t39747 x1wcsgtt x1pczhz8 x5yr21d xh8yej3\"><\/div>\n<\/div>\n<\/div>\n<div class=\"html-div xdj266r x14z9mp xat24cr x1lziwak xexx8yu xyri2b x18d9i69 x1c1uobl x1jx94hy x190bdop xp3hrpj x1ey2m1c x13xjmei xv7j57z xh8yej3\">\n<div class=\"x1n2onr6 x1ja2u2z x9f619 x78zum5 xdt5ytf x2lah0s x193iq5w\">\n<div class=\"x9f619 x1n2onr6 x1ja2u2z x78zum5 xdt5ytf x1iyjqo2 x2lwn1j\">\n<div class=\"x9f619 x1n2onr6 x1ja2u2z x78zum5 xdt5ytf x2lah0s x193iq5w xf7dkkf xv54qhq\"><\/div>\n<\/div>\n<\/div>\n<\/div>\n","protected":false},"excerpt":{"rendered":"<p>En el Espacio Cultural Pismanta, en la Localidad Las Flores, se llev\u00f3 a cabo la Audiencia P\u00fablica por el proyecto<\/p>\n","protected":false},"author":3,"featured_media":102701,"comment_status":"closed","ping_status":"closed","sticky":false,"template":"","format":"standard","meta":{"_acf_changed":false,"_seopress_titles_title":"","_seopress_titles_desc":"","_seopress_robots_index":"","_seopress_robots_follow":"","_seopress_robots_imageindex":"","_seopress_robots_snippet":"","_seopress_robots_primary_cat":"","_seopress_robots_breadcrumbs":"","_seopress_robots_freeze_modified_date":"","_seopress_robots_custom_modified_date":"","_seopress_robots_canonical":"","_seopress_social_fb_title":"","_seopress_social_fb_desc":"","_seopress_social_fb_img":"","_seopress_social_fb_img_attachment_id":0,"_seopress_social_fb_img_width":0,"_seopress_social_fb_img_height":0,"_seopress_social_twitter_title":"","_seopress_social_twitter_desc":"","_seopress_social_twitter_img":"","_seopress_social_twitter_img_attachment_id":0,"_seopress_social_twitter_img_width":0,"_seopress_social_twitter_img_height":0,"_seopress_redirections_value":"","_seopress_redirections_enabled":"","_seopress_redirections_enabled_regex":"","_seopress_redirections_logged_status":"","_seopress_redirections_param":"","_seopress_redirections_type":0,"_seopress_analysis_target_kw":"","colormag_page_container_layout":"default_layout","colormag_page_sidebar_layout":"default_layout","footnotes":""},"categories":[1],"tags":[],"class_list":["post-102700","post","type-post","status-publish","format-standard","has-post-thumbnail","hentry","category-destacadas"],"acf":[],"_links":{"self":[{"href":"https:\/\/vocesparalelas.com.ar\/sitio\/wp-json\/wp\/v2\/posts\/102700","targetHints":{"allow":["GET"]}}],"collection":[{"href":"https:\/\/vocesparalelas.com.ar\/sitio\/wp-json\/wp\/v2\/posts"}],"about":[{"href":"https:\/\/vocesparalelas.com.ar\/sitio\/wp-json\/wp\/v2\/types\/post"}],"author":[{"embeddable":true,"href":"https:\/\/vocesparalelas.com.ar\/sitio\/wp-json\/wp\/v2\/users\/3"}],"replies":[{"embeddable":true,"href":"https:\/\/vocesparalelas.com.ar\/sitio\/wp-json\/wp\/v2\/comments?post=102700"}],"version-history":[{"count":1,"href":"https:\/\/vocesparalelas.com.ar\/sitio\/wp-json\/wp\/v2\/posts\/102700\/revisions"}],"predecessor-version":[{"id":102702,"href":"https:\/\/vocesparalelas.com.ar\/sitio\/wp-json\/wp\/v2\/posts\/102700\/revisions\/102702"}],"wp:featuredmedia":[{"embeddable":true,"href":"https:\/\/vocesparalelas.com.ar\/sitio\/wp-json\/wp\/v2\/media\/102701"}],"wp:attachment":[{"href":"https:\/\/vocesparalelas.com.ar\/sitio\/wp-json\/wp\/v2\/media?parent=102700"}],"wp:term":[{"taxonomy":"category","embeddable":true,"href":"https:\/\/vocesparalelas.com.ar\/sitio\/wp-json\/wp\/v2\/categories?post=102700"},{"taxonomy":"post_tag","embeddable":true,"href":"https:\/\/vocesparalelas.com.ar\/sitio\/wp-json\/wp\/v2\/tags?post=102700"}],"curies":[{"name":"wp","href":"https:\/\/api.w.org\/{rel}","templated":true}]}}