{"id":102695,"date":"2026-09-01T11:53:02","date_gmt":"2026-09-01T14:53:02","guid":{"rendered":"https:\/\/vocesparalelas.com.ar\/sitio\/?p=102695"},"modified":"2026-09-01T12:02:38","modified_gmt":"2026-09-01T15:02:38","slug":"expo-biblio-pop-en-san-juan","status":"publish","type":"post","link":"https:\/\/vocesparalelas.com.ar\/sitio\/expo-biblio-pop-en-san-juan\/","title":{"rendered":"Expo Biblio Pop en San Juan"},"content":{"rendered":"<p>El Jueves, 3 y el Viernes, 4 de Septiembre, los sanjuaninos podr\u00e1n ser parte de la feria de bibliotecas populares m\u00e1s grande de la provincia con la llegada de la Expo Biblio Pop 2026.<\/p>\n<p>El encuentro se desarrolla en tres sedes como la Direcci\u00f3n de Bibliotecas Populares, el Centro Cultural Conte Grand y el Museo Provincial de Bellas Artes Franklin Rawson, ofreciendo una variada agenda, en doble turno, pensada para estudiantes de nivel primario y secundario, j\u00f3venes y familias de toda la provincia.<\/p>\n<ul>\n<li><span style=\"color: #ff6600;\"><strong>Centro Cultural Conte Grand<\/strong><\/span> se concentra una amplia muestra donde participan 37 bibliotecas populares de San Juan con material y propuestas did\u00e1cticas. A su vez, las principales editoriales y librer\u00edas locales ofrecer\u00e1n venta de libros con promociones especiales, acompa\u00f1adas por un concurrido sector dedicado al c\u00f3mic, el manga y las historietas. La grilla del espacio se completar\u00e1 con presentaciones literarias, el circuito Dino Educaci\u00f3n, obras de teatro sobre la Difunta Correa y Sarmiento, DJ en vivo, shows de danza urbana, desfile de cosplay, sorteos y un patio gastron\u00f3mico.<\/li>\n<\/ul>\n<p><img loading=\"lazy\" decoding=\"async\" class=\"alignnone size-large wp-image-22523\" src=\"https:\/\/vocesparalelas.com.ar\/sitio\/wp-content\/uploads\/2019\/07\/CENTRO-CULTURAL-CONTE-GRAND-800x601.jpg\" alt=\"\" width=\"800\" height=\"601\" srcset=\"https:\/\/vocesparalelas.com.ar\/sitio\/wp-content\/uploads\/2019\/07\/CENTRO-CULTURAL-CONTE-GRAND-800x601.jpg 800w, https:\/\/vocesparalelas.com.ar\/sitio\/wp-content\/uploads\/2019\/07\/CENTRO-CULTURAL-CONTE-GRAND-300x225.jpg 300w, https:\/\/vocesparalelas.com.ar\/sitio\/wp-content\/uploads\/2019\/07\/CENTRO-CULTURAL-CONTE-GRAND-768x577.jpg 768w, https:\/\/vocesparalelas.com.ar\/sitio\/wp-content\/uploads\/2019\/07\/CENTRO-CULTURAL-CONTE-GRAND.jpg 1000w\" sizes=\"auto, (max-width: 800px) 100vw, 800px\" \/><\/p>\n<ul>\n<li>Direcci\u00f3n de Bibliotecas Populares y Actividades Literarias, 25 de Mayo y Las Heras, hay charlas y presentaciones literarias a las 10, 11:15, 15 y 16:15 hs.; durante los dos d\u00edas que dura la Expo.<\/li>\n<\/ul>\n<p><img loading=\"lazy\" decoding=\"async\" class=\"alignnone size-full wp-image-102696\" src=\"https:\/\/vocesparalelas.com.ar\/sitio\/wp-content\/uploads\/2026\/09\/BIBLIOTECAS-POPULARES.jpg\" alt=\"\" width=\"800\" height=\"499\" srcset=\"https:\/\/vocesparalelas.com.ar\/sitio\/wp-content\/uploads\/2026\/09\/BIBLIOTECAS-POPULARES.jpg 800w, https:\/\/vocesparalelas.com.ar\/sitio\/wp-content\/uploads\/2026\/09\/BIBLIOTECAS-POPULARES-300x187.jpg 300w, https:\/\/vocesparalelas.com.ar\/sitio\/wp-content\/uploads\/2026\/09\/BIBLIOTECAS-POPULARES-768x479.jpg 768w\" sizes=\"auto, (max-width: 800px) 100vw, 800px\" \/><\/p>\n<ul>\n<li>Museo Provincial de Bellas Artes Franklin Rawson es el espacio destinado a la capacitaci\u00f3n con una serie de talleres gratuitos que tienen inscripci\u00f3n por orden de llegada hasta agotar cupo. Las actividades comienza el Jueves, 3 de Septiembre, a las 10 y 11:15 hs con los talleres de Origami y de C\u00f3mics y, a las 14:30 y 15:45 hs, hay fotobordado y origami. En cuanto al Viernes, 4 de Septiembre, a las 14:30 y 15:45 hs comic y lengua japonesa.<\/li>\n<\/ul>\n<figure id=\"attachment_39924\" aria-describedby=\"caption-attachment-39924\" style=\"width: 800px\" class=\"wp-caption alignnone\"><img loading=\"lazy\" decoding=\"async\" class=\"size-full wp-image-39924\" src=\"https:\/\/vocesparalelas.com.ar\/sitio\/wp-content\/uploads\/2021\/07\/MPBAFR-OBRA-02.jpg\" alt=\"\" width=\"800\" height=\"533\" srcset=\"https:\/\/vocesparalelas.com.ar\/sitio\/wp-content\/uploads\/2021\/07\/MPBAFR-OBRA-02.jpg 800w, https:\/\/vocesparalelas.com.ar\/sitio\/wp-content\/uploads\/2021\/07\/MPBAFR-OBRA-02-300x200.jpg 300w, https:\/\/vocesparalelas.com.ar\/sitio\/wp-content\/uploads\/2021\/07\/MPBAFR-OBRA-02-768x512.jpg 768w\" sizes=\"auto, (max-width: 800px) 100vw, 800px\" \/><figcaption id=\"caption-attachment-39924\" class=\"wp-caption-text\">Museo Provincial de Bellas Artes Franklin Rawson, Provincia de San Juan, Rep\u00fablica Argentina<\/figcaption><\/figure>\n<p>Esta iniciativa destaca por su perfil interministerial, articulado entre el Ministerio de Turismo, Cultura y Deporte y el Ministerio de Educaci\u00f3n del Gobierno de San Juan. De esta manera, la Expo Biblio Pop integra las propuestas de los programas educativos Comprendo y Aprendo y el Programa de Coros y Orquestas, fortaleciendo la alfabetizaci\u00f3n, la lectura y la expresi\u00f3n art\u00edstica en un entorno din\u00e1mico e inclusivo.<\/p>\n<p>A trav\u00e9s de estas acciones,\u00a0el Gobierno de San Juan reafirma su compromiso de garantizar el acceso a la cultura y al conocimiento. Al conectar la educaci\u00f3n con las nuevas expresiones culturales de los j\u00f3venes y poner a disposici\u00f3n la infraestructura provincial, la gesti\u00f3n impulsa el desarrollo de la comunidad, acompa\u00f1a el trabajo de las bibliotecas populares y dinamiza el sector editorial y gastron\u00f3mico local.<\/p>\n<p><img loading=\"lazy\" decoding=\"async\" class=\"alignnone size-full wp-image-65642\" src=\"https:\/\/vocesparalelas.com.ar\/sitio\/wp-content\/uploads\/2023\/11\/GOBIERNO-SAN-JUAN.jpg\" alt=\"\" width=\"800\" height=\"600\" srcset=\"https:\/\/vocesparalelas.com.ar\/sitio\/wp-content\/uploads\/2023\/11\/GOBIERNO-SAN-JUAN.jpg 800w, https:\/\/vocesparalelas.com.ar\/sitio\/wp-content\/uploads\/2023\/11\/GOBIERNO-SAN-JUAN-300x225.jpg 300w, https:\/\/vocesparalelas.com.ar\/sitio\/wp-content\/uploads\/2023\/11\/GOBIERNO-SAN-JUAN-768x576.jpg 768w\" sizes=\"auto, (max-width: 800px) 100vw, 800px\" \/><\/p>\n<p>&nbsp;<\/p>\n","protected":false},"excerpt":{"rendered":"<p>El Jueves, 3 y el Viernes, 4 de Septiembre, los sanjuaninos podr\u00e1n ser parte de la feria de bibliotecas populares<\/p>\n","protected":false},"author":3,"featured_media":20911,"comment_status":"closed","ping_status":"closed","sticky":false,"template":"","format":"standard","meta":{"_acf_changed":false,"_seopress_titles_title":"","_seopress_titles_desc":"","_seopress_robots_index":"","_seopress_robots_follow":"","_seopress_robots_imageindex":"","_seopress_robots_snippet":"","_seopress_robots_primary_cat":"","_seopress_robots_breadcrumbs":"","_seopress_robots_freeze_modified_date":"","_seopress_robots_custom_modified_date":"","_seopress_robots_canonical":"","_seopress_social_fb_title":"","_seopress_social_fb_desc":"","_seopress_social_fb_img":"","_seopress_social_fb_img_attachment_id":0,"_seopress_social_fb_img_width":0,"_seopress_social_fb_img_height":0,"_seopress_social_twitter_title":"","_seopress_social_twitter_desc":"","_seopress_social_twitter_img":"","_seopress_social_twitter_img_attachment_id":0,"_seopress_social_twitter_img_width":0,"_seopress_social_twitter_img_height":0,"_seopress_redirections_value":"","_seopress_redirections_enabled":"","_seopress_redirections_enabled_regex":"","_seopress_redirections_logged_status":"","_seopress_redirections_param":"","_seopress_redirections_type":0,"_seopress_analysis_target_kw":"","colormag_page_container_layout":"default_layout","colormag_page_sidebar_layout":"default_layout","footnotes":""},"categories":[1],"tags":[],"class_list":["post-102695","post","type-post","status-publish","format-standard","has-post-thumbnail","hentry","category-destacadas"],"acf":[],"_links":{"self":[{"href":"https:\/\/vocesparalelas.com.ar\/sitio\/wp-json\/wp\/v2\/posts\/102695","targetHints":{"allow":["GET"]}}],"collection":[{"href":"https:\/\/vocesparalelas.com.ar\/sitio\/wp-json\/wp\/v2\/posts"}],"about":[{"href":"https:\/\/vocesparalelas.com.ar\/sitio\/wp-json\/wp\/v2\/types\/post"}],"author":[{"embeddable":true,"href":"https:\/\/vocesparalelas.com.ar\/sitio\/wp-json\/wp\/v2\/users\/3"}],"replies":[{"embeddable":true,"href":"https:\/\/vocesparalelas.com.ar\/sitio\/wp-json\/wp\/v2\/comments?post=102695"}],"version-history":[{"count":3,"href":"https:\/\/vocesparalelas.com.ar\/sitio\/wp-json\/wp\/v2\/posts\/102695\/revisions"}],"predecessor-version":[{"id":102699,"href":"https:\/\/vocesparalelas.com.ar\/sitio\/wp-json\/wp\/v2\/posts\/102695\/revisions\/102699"}],"wp:featuredmedia":[{"embeddable":true,"href":"https:\/\/vocesparalelas.com.ar\/sitio\/wp-json\/wp\/v2\/media\/20911"}],"wp:attachment":[{"href":"https:\/\/vocesparalelas.com.ar\/sitio\/wp-json\/wp\/v2\/media?parent=102695"}],"wp:term":[{"taxonomy":"category","embeddable":true,"href":"https:\/\/vocesparalelas.com.ar\/sitio\/wp-json\/wp\/v2\/categories?post=102695"},{"taxonomy":"post_tag","embeddable":true,"href":"https:\/\/vocesparalelas.com.ar\/sitio\/wp-json\/wp\/v2\/tags?post=102695"}],"curies":[{"name":"wp","href":"https:\/\/api.w.org\/{rel}","templated":true}]}}