{"id":102669,"date":"2026-08-31T21:39:40","date_gmt":"2026-09-01T00:39:40","guid":{"rendered":"https:\/\/vocesparalelas.com.ar\/sitio\/?p=102669"},"modified":"2026-08-31T21:39:40","modified_gmt":"2026-09-01T00:39:40","slug":"cronograma-de-colectas-de-sangre-para-dar-vida-septiembre-2026-en-el-iphem-san-juan","status":"publish","type":"post","link":"https:\/\/vocesparalelas.com.ar\/sitio\/cronograma-de-colectas-de-sangre-para-dar-vida-septiembre-2026-en-el-iphem-san-juan\/","title":{"rendered":"Cronograma de colectas de sangre para dar vida \u00abSeptiembre 2026\u00bb en el IPHEM San Juan"},"content":{"rendered":"<p>El Instituto Provincial de Hemoterapia &#8211; IPHEM &#8211; del Ministerio de Salud del Gobierno de San Juan inform\u00f3 el cronograma de colectas de sangre que se desarrolla durante \u00abSeptiembre 2026\u00bb en distintos hospitales e instituciones de la provincia.<\/p>\n<p>La iniciativa busca garantizar un abastecimiento permanente de unidades de sangre, un recurso indispensable para acompa\u00f1ar tratamientos, intervenciones quir\u00fargicas, emergencias y distintas situaciones que requieren transfusiones.<\/p>\n<p><strong><span style=\"color: #ff0000;\">Cronograma<\/span><\/strong><\/p>\n<p><span style=\"color: #ff0000;\"><strong>Martes, 01 de Septiembre<\/strong><\/span><\/p>\n<ul>\n<li>Lugar: C\u00e1mara de Diputados<\/li>\n<li>Domicilio: Laprida oeste 923<\/li>\n<li>Horario de colecta: 8:00 \u2013 12:00 horas. Capital<\/li>\n<\/ul>\n<p><span style=\"color: #ff0000;\"><strong>Viernes, 04 de Septiembre<\/strong><\/span><\/p>\n<ul>\n<li>Lugar: Hospital Dr. Jos\u00e9 Giordano<\/li>\n<li>Domicilio: DF Sarmiento s\/n, Albard\u00f3n<\/li>\n<li>Horario: 8:00 \u2013 12:00 horas<\/li>\n<\/ul>\n<p><span style=\"color: #ff0000;\"><strong>Martes 08 de Septiembre<\/strong><\/span><\/p>\n<ul>\n<li>Lugar: Hospital San Roque<\/li>\n<li>Domicilio: RN 150, J\u00e1chal<\/li>\n<li>Horario de colecta: 8:30 \u2013 12:00 Horas<\/li>\n<\/ul>\n<p><span style=\"color: #ff0000;\"><strong>Jueves, 10 de Septiembre<\/strong><\/span><\/p>\n<ul>\n<li>Lugar: Centro C\u00edvico, Ministerio de Educaci\u00f3n<\/li>\n<li>Domicilio: Av. Libertador Gral. San Mart\u00edn 750, San Juan<\/li>\n<li>Horario: 8:00 \u2013 12:00 horas<\/li>\n<\/ul>\n<p><span style=\"color: #ff0000;\"><strong>Mi\u00e9rcoles 16 de Septiembre<\/strong><\/span><\/p>\n<ul>\n<li>Lugar: Desarrollo Infantil del Hospital Dr. C\u00e9sar Aguilar<\/li>\n<li>Domicilio: Diag. Sarmiento 42, Caucete<\/li>\n<li>Horario de colecta: 8:00 \u2013 12:00 Horas<\/li>\n<\/ul>\n<p><span style=\"color: #ff0000;\"><strong>Viernes, 18 de Septiembre<\/strong><\/span><\/p>\n<ul>\n<li>Lugar: Hospital Dr. Federico Cantoni<\/li>\n<li>Domicilio: Av. Int. Joaqu\u00edn U\u00f1ac entre 10 y 11, Villa Aberastain<\/li>\n<li>Horario: 8:00 \u2013 12:00 horas<\/li>\n<\/ul>\n<p><span style=\"color: #ff0000;\"><strong>Lunes, 21 de Septiembre<\/strong><\/span><\/p>\n<ul>\n<li>Lugar: Sal\u00f3n UDAP<\/li>\n<li>Domicilio: Rivadavia, entre Tucum\u00e1n y Gral. Acha, Valle F\u00e9rtil<\/li>\n<li>Horario de colecta: 9:00 \u2013 12:00 Horas<\/li>\n<li>Colabora: Hospital Alejandro Albarrac\u00edn<\/li>\n<\/ul>\n<p><span style=\"color: #ff0000;\"><strong>Martes, 29 de Septiembre<\/strong><\/span><\/p>\n<ul>\n<li>Lugar: Hospital San Roque<\/li>\n<li>Domicilio: RN 150, J\u00e1chal<\/li>\n<li>Horario de colecta: 8:30 \u2013 12:00 Horas<\/li>\n<\/ul>\n<p><span style=\"color: #ff0000;\"><strong>Requisitos para ser donante<\/strong><\/span><\/p>\n<p>&nbsp;<\/p>\n<p><img loading=\"lazy\" decoding=\"async\" class=\"alignnone size-large wp-image-8775\" src=\"https:\/\/vocesparalelas.com.ar\/sitio\/wp-content\/uploads\/2017\/12\/DONANTES-DE-SANGR-800x516.jpg\" alt=\"\" width=\"800\" height=\"516\" srcset=\"https:\/\/vocesparalelas.com.ar\/sitio\/wp-content\/uploads\/2017\/12\/DONANTES-DE-SANGR-800x516.jpg 800w, https:\/\/vocesparalelas.com.ar\/sitio\/wp-content\/uploads\/2017\/12\/DONANTES-DE-SANGR-300x193.jpg 300w, https:\/\/vocesparalelas.com.ar\/sitio\/wp-content\/uploads\/2017\/12\/DONANTES-DE-SANGR-768x495.jpg 768w, https:\/\/vocesparalelas.com.ar\/sitio\/wp-content\/uploads\/2017\/12\/DONANTES-DE-SANGR.jpg 1008w\" sizes=\"auto, (max-width: 800px) 100vw, 800px\" \/><\/p>\n<p><strong><span style=\"color: #ff0000;\">\u00bfQuienes deseen participar?<\/span><\/strong><\/p>\n<ul>\n<li>Tener entre 18 y 65 a\u00f1os.<\/li>\n<li>Pesar m\u00e1s de 50 kilogramos.<\/li>\n<li>Desayunar normalmente antes de asistir.<\/li>\n<li>No presentar s\u00edntomas como fiebre, dolor de garganta o diarrea.<\/li>\n<\/ul>\n<p><strong><span style=\"color: #ff0000;\">Deben esperar para participar si:<\/span><\/strong><\/p>\n<ul>\n<li>En los \u00faltimos seis meses tuvieron una cirug\u00eda o mantuvieron m\u00faltiples parejas sexuales.<\/li>\n<li>En los \u00faltimos doce meses se realizaron tatuajes, piercings, acupuntura o tratamientos est\u00e9ticos que incluyan agujas.<\/li>\n<\/ul>\n<p>Tambi\u00e9n, pueden participar personas con hipertensi\u00f3n controlada, diabetes que no requiera insulina e hipotiroidismo en tratamiento.<\/p>\n<p>Cualquier consulta por fuera de estos requisitos comunicarse al 4223571 o asistir al IPHEM, ubicado en calle Rivadavia 728 (E), Capital.<\/p>\n<p>Participar de las colectas de sangre es un acto voluntario, solidario y sencillo que puede hacer una diferencia concreta en la vida de otra persona.<\/p>\n<p>&nbsp;<\/p>\n<p><img loading=\"lazy\" decoding=\"async\" class=\"alignnone size-large wp-image-2240\" src=\"https:\/\/vocesparalelas.com.ar\/sitio\/wp-content\/uploads\/2017\/06\/SCOUT-IPHEM-800x480.jpg\" alt=\"\" width=\"800\" height=\"480\" srcset=\"https:\/\/vocesparalelas.com.ar\/sitio\/wp-content\/uploads\/2017\/06\/SCOUT-IPHEM-800x480.jpg 800w, https:\/\/vocesparalelas.com.ar\/sitio\/wp-content\/uploads\/2017\/06\/SCOUT-IPHEM-300x180.jpg 300w, https:\/\/vocesparalelas.com.ar\/sitio\/wp-content\/uploads\/2017\/06\/SCOUT-IPHEM-768x461.jpg 768w, https:\/\/vocesparalelas.com.ar\/sitio\/wp-content\/uploads\/2017\/06\/SCOUT-IPHEM.jpg 1024w\" sizes=\"auto, (max-width: 800px) 100vw, 800px\" \/><\/p>\n","protected":false},"excerpt":{"rendered":"<p>El Instituto Provincial de Hemoterapia &#8211; IPHEM &#8211; del Ministerio de Salud del Gobierno de San Juan inform\u00f3 el cronograma<\/p>\n","protected":false},"author":3,"featured_media":85875,"comment_status":"closed","ping_status":"closed","sticky":false,"template":"","format":"standard","meta":{"_acf_changed":false,"_seopress_titles_title":"","_seopress_titles_desc":"","_seopress_robots_index":"","_seopress_robots_follow":"","_seopress_robots_imageindex":"","_seopress_robots_snippet":"","_seopress_robots_primary_cat":"","_seopress_robots_breadcrumbs":"","_seopress_robots_freeze_modified_date":"","_seopress_robots_custom_modified_date":"","_seopress_robots_canonical":"","_seopress_social_fb_title":"","_seopress_social_fb_desc":"","_seopress_social_fb_img":"","_seopress_social_fb_img_attachment_id":0,"_seopress_social_fb_img_width":0,"_seopress_social_fb_img_height":0,"_seopress_social_twitter_title":"","_seopress_social_twitter_desc":"","_seopress_social_twitter_img":"","_seopress_social_twitter_img_attachment_id":0,"_seopress_social_twitter_img_width":0,"_seopress_social_twitter_img_height":0,"_seopress_redirections_value":"","_seopress_redirections_enabled":"","_seopress_redirections_enabled_regex":"","_seopress_redirections_logged_status":"","_seopress_redirections_param":"","_seopress_redirections_type":0,"_seopress_analysis_target_kw":"","colormag_page_container_layout":"default_layout","colormag_page_sidebar_layout":"default_layout","footnotes":""},"categories":[1],"tags":[],"class_list":["post-102669","post","type-post","status-publish","format-standard","has-post-thumbnail","hentry","category-destacadas"],"acf":[],"_links":{"self":[{"href":"https:\/\/vocesparalelas.com.ar\/sitio\/wp-json\/wp\/v2\/posts\/102669","targetHints":{"allow":["GET"]}}],"collection":[{"href":"https:\/\/vocesparalelas.com.ar\/sitio\/wp-json\/wp\/v2\/posts"}],"about":[{"href":"https:\/\/vocesparalelas.com.ar\/sitio\/wp-json\/wp\/v2\/types\/post"}],"author":[{"embeddable":true,"href":"https:\/\/vocesparalelas.com.ar\/sitio\/wp-json\/wp\/v2\/users\/3"}],"replies":[{"embeddable":true,"href":"https:\/\/vocesparalelas.com.ar\/sitio\/wp-json\/wp\/v2\/comments?post=102669"}],"version-history":[{"count":1,"href":"https:\/\/vocesparalelas.com.ar\/sitio\/wp-json\/wp\/v2\/posts\/102669\/revisions"}],"predecessor-version":[{"id":102670,"href":"https:\/\/vocesparalelas.com.ar\/sitio\/wp-json\/wp\/v2\/posts\/102669\/revisions\/102670"}],"wp:featuredmedia":[{"embeddable":true,"href":"https:\/\/vocesparalelas.com.ar\/sitio\/wp-json\/wp\/v2\/media\/85875"}],"wp:attachment":[{"href":"https:\/\/vocesparalelas.com.ar\/sitio\/wp-json\/wp\/v2\/media?parent=102669"}],"wp:term":[{"taxonomy":"category","embeddable":true,"href":"https:\/\/vocesparalelas.com.ar\/sitio\/wp-json\/wp\/v2\/categories?post=102669"},{"taxonomy":"post_tag","embeddable":true,"href":"https:\/\/vocesparalelas.com.ar\/sitio\/wp-json\/wp\/v2\/tags?post=102669"}],"curies":[{"name":"wp","href":"https:\/\/api.w.org\/{rel}","templated":true}]}}