{"id":102668,"date":"2026-08-31T23:15:29","date_gmt":"2026-09-01T02:15:29","guid":{"rendered":"https:\/\/vocesparalelas.com.ar\/sitio\/?p=102668"},"modified":"2026-08-31T23:16:20","modified_gmt":"2026-09-01T02:16:20","slug":"se-entregaron-nuevas-movilidades-a-obra-sanitaria-sociedad-del-estado-de-san-juan","status":"publish","type":"post","link":"https:\/\/vocesparalelas.com.ar\/sitio\/se-entregaron-nuevas-movilidades-a-obra-sanitaria-sociedad-del-estado-de-san-juan\/","title":{"rendered":"Se entregaron nuevas Movilidades a Obra Sanitaria Sociedad del Estado de San Juan"},"content":{"rendered":"<p>El Gobierno de San Juan entreg\u00f3 nuevas Movilidades a Obra Sanitaria Sociedad del Estado &#8211; OSSE &#8211; San Juan una promesa que se concret\u00f3 el Lunes, 31 de Agosto, en la empanada de Estacionamiento del Teatro del Bicentenario.<\/p>\n<p><iframe loading=\"lazy\" title=\"OSSE SAN JUAN MOVILIDADES 2026\" width=\"800\" height=\"450\" src=\"https:\/\/www.youtube.com\/embed\/9sW5JMJiroQ?feature=oembed\" frameborder=\"0\" allow=\"accelerometer; autoplay; clipboard-write; encrypted-media; gyroscope; picture-in-picture; web-share\" referrerpolicy=\"strict-origin-when-cross-origin\" allowfullscreen><\/iframe><\/p>\n<p>El acto fue con la presencia del gobernador de San Juan, Dr. Marcelo Orrego, el Ministro de Infraestructura, Agua y Energ\u00eda, Arq. Fernando Perea, el Presidente de OSSE, Ing. Jos\u00e9 Luis Beltr\u00e1n, otras autoridades y los empleados de la instituci\u00f3n.<\/p>\n<p>En este contexto, el Presidente de OSSE, Ing. Jos\u00e9 Luis Beltr\u00e1n agradeci\u00f3 a la la gran familia de OSSE de apoyar esta entrega que viene muy bien a la instituci\u00f3n que brinda servicios a la poblaci\u00f3n de San Juan.<\/p>\n<p><iframe loading=\"lazy\" title=\"OSSE SAN JUAN PRESIDENTE ING JOS\u00c9 LUIS BELTR\u00c1N\" width=\"800\" height=\"450\" src=\"https:\/\/www.youtube.com\/embed\/iJzk8B47XMg?feature=oembed\" frameborder=\"0\" allow=\"accelerometer; autoplay; clipboard-write; encrypted-media; gyroscope; picture-in-picture; web-share\" referrerpolicy=\"strict-origin-when-cross-origin\" allowfullscreen><\/iframe><\/p>\n<p>Posteriormente, el gobernador de San Juan, Dr. Marcelo Orrego relat\u00f3 que las promesas con OSSE era una deuda de la gesti\u00f3n pero ahora hemos cumplido. Esto es San Juan Futura.<\/p>\n<p><iframe loading=\"lazy\" title=\"OSSE SAN JUAN  GOBERNADOR DR MARCELO ORREGO \" width=\"800\" height=\"450\" src=\"https:\/\/www.youtube.com\/embed\/0txFxt3Oj7Q?feature=oembed\" frameborder=\"0\" allow=\"accelerometer; autoplay; clipboard-write; encrypted-media; gyroscope; picture-in-picture; web-share\" referrerpolicy=\"strict-origin-when-cross-origin\" allowfullscreen><\/iframe><\/p>\n<p>Finalmente. se entregaron las movilidades a los representantes de cada secci\u00f3n de la Provincia de San Juan.<\/p>\n<p><img loading=\"lazy\" decoding=\"async\" class=\"alignnone size-full wp-image-102677\" src=\"https:\/\/vocesparalelas.com.ar\/sitio\/wp-content\/uploads\/2026\/08\/OSSE-SAN-JUAN-02.jpg\" alt=\"\" width=\"800\" height=\"533\" srcset=\"https:\/\/vocesparalelas.com.ar\/sitio\/wp-content\/uploads\/2026\/08\/OSSE-SAN-JUAN-02.jpg 800w, https:\/\/vocesparalelas.com.ar\/sitio\/wp-content\/uploads\/2026\/08\/OSSE-SAN-JUAN-02-300x200.jpg 300w, https:\/\/vocesparalelas.com.ar\/sitio\/wp-content\/uploads\/2026\/08\/OSSE-SAN-JUAN-02-768x512.jpg 768w\" sizes=\"auto, (max-width: 800px) 100vw, 800px\" \/><\/p>\n<p>&nbsp;<\/p>\n<p><iframe loading=\"lazy\" title=\"Presentaci\u00f3n de las Nuevas Movilidades de Obras Sanitarias\" width=\"800\" height=\"450\" src=\"https:\/\/www.youtube.com\/embed\/_rbCzQWBvhg?feature=oembed\" frameborder=\"0\" allow=\"accelerometer; autoplay; clipboard-write; encrypted-media; gyroscope; picture-in-picture; web-share\" referrerpolicy=\"strict-origin-when-cross-origin\" allowfullscreen><\/iframe><\/p>\n","protected":false},"excerpt":{"rendered":"<p>El Gobierno de San Juan entreg\u00f3 nuevas Movilidades a Obra Sanitaria Sociedad del Estado &#8211; OSSE &#8211; San Juan una<\/p>\n","protected":false},"author":3,"featured_media":102676,"comment_status":"closed","ping_status":"closed","sticky":false,"template":"","format":"standard","meta":{"_acf_changed":false,"_seopress_titles_title":"","_seopress_titles_desc":"","_seopress_robots_index":"","_seopress_robots_follow":"","_seopress_robots_imageindex":"","_seopress_robots_snippet":"","_seopress_robots_primary_cat":"","_seopress_robots_breadcrumbs":"","_seopress_robots_freeze_modified_date":"","_seopress_robots_custom_modified_date":"","_seopress_robots_canonical":"","_seopress_social_fb_title":"","_seopress_social_fb_desc":"","_seopress_social_fb_img":"","_seopress_social_fb_img_attachment_id":0,"_seopress_social_fb_img_width":0,"_seopress_social_fb_img_height":0,"_seopress_social_twitter_title":"","_seopress_social_twitter_desc":"","_seopress_social_twitter_img":"","_seopress_social_twitter_img_attachment_id":0,"_seopress_social_twitter_img_width":0,"_seopress_social_twitter_img_height":0,"_seopress_redirections_value":"","_seopress_redirections_enabled":"","_seopress_redirections_enabled_regex":"","_seopress_redirections_logged_status":"","_seopress_redirections_param":"","_seopress_redirections_type":0,"_seopress_analysis_target_kw":"","colormag_page_container_layout":"default_layout","colormag_page_sidebar_layout":"default_layout","footnotes":""},"categories":[1,7],"tags":[],"class_list":["post-102668","post","type-post","status-publish","format-standard","has-post-thumbnail","hentry","category-destacadas","category-videos"],"acf":[],"_links":{"self":[{"href":"https:\/\/vocesparalelas.com.ar\/sitio\/wp-json\/wp\/v2\/posts\/102668","targetHints":{"allow":["GET"]}}],"collection":[{"href":"https:\/\/vocesparalelas.com.ar\/sitio\/wp-json\/wp\/v2\/posts"}],"about":[{"href":"https:\/\/vocesparalelas.com.ar\/sitio\/wp-json\/wp\/v2\/types\/post"}],"author":[{"embeddable":true,"href":"https:\/\/vocesparalelas.com.ar\/sitio\/wp-json\/wp\/v2\/users\/3"}],"replies":[{"embeddable":true,"href":"https:\/\/vocesparalelas.com.ar\/sitio\/wp-json\/wp\/v2\/comments?post=102668"}],"version-history":[{"count":1,"href":"https:\/\/vocesparalelas.com.ar\/sitio\/wp-json\/wp\/v2\/posts\/102668\/revisions"}],"predecessor-version":[{"id":102678,"href":"https:\/\/vocesparalelas.com.ar\/sitio\/wp-json\/wp\/v2\/posts\/102668\/revisions\/102678"}],"wp:featuredmedia":[{"embeddable":true,"href":"https:\/\/vocesparalelas.com.ar\/sitio\/wp-json\/wp\/v2\/media\/102676"}],"wp:attachment":[{"href":"https:\/\/vocesparalelas.com.ar\/sitio\/wp-json\/wp\/v2\/media?parent=102668"}],"wp:term":[{"taxonomy":"category","embeddable":true,"href":"https:\/\/vocesparalelas.com.ar\/sitio\/wp-json\/wp\/v2\/categories?post=102668"},{"taxonomy":"post_tag","embeddable":true,"href":"https:\/\/vocesparalelas.com.ar\/sitio\/wp-json\/wp\/v2\/tags?post=102668"}],"curies":[{"name":"wp","href":"https:\/\/api.w.org\/{rel}","templated":true}]}}