{"id":102660,"date":"2026-08-31T21:01:14","date_gmt":"2026-09-01T00:01:14","guid":{"rendered":"https:\/\/vocesparalelas.com.ar\/sitio\/?p=102660"},"modified":"2026-08-31T21:01:14","modified_gmt":"2026-09-01T00:01:14","slug":"se-inauguro-la-ampliacion-de-la-escuela-republica-del-paraguay-en-el-paraje-difunta-correa-departamento-caucete-de-san-juan","status":"publish","type":"post","link":"https:\/\/vocesparalelas.com.ar\/sitio\/se-inauguro-la-ampliacion-de-la-escuela-republica-del-paraguay-en-el-paraje-difunta-correa-departamento-caucete-de-san-juan\/","title":{"rendered":"Se inaugur\u00f3 la ampliaci\u00f3n de la Escuela Rep\u00fablica del Paraguay, en el Paraje Difunta Correa, Departamento Caucete de San Juan"},"content":{"rendered":"<p>Adem\u00e1s las obras que el Gobierno de San Juan ejecuta en Vallecito, entre ellas el nuevo CAPS y la Unidad Operativa Rural, en el marco de la transformaci\u00f3n integral del Paraje Difunta Correa<\/p>\n<p>El gobernador de San Juan, Dr. Marcelo Orrego inaugur\u00f3 la ampliaci\u00f3n y refacci\u00f3n integral de la Escuela Rep\u00fablica del Paraguay, en el Paraje Difunta Correa, una obra que mejora las condiciones edilicias y suma nuevos espacios para los estudiantes, docentes y toda la comunidad educativa de Vallecito.<\/p>\n<p>La intervenci\u00f3n permiti\u00f3 renovar integralmente el establecimiento educativo, con la construcci\u00f3n de un aula para Nivel Inicial, dependencias administrativas, sanitarios y un play\u00f3n deportivo. Tambi\u00e9n se realizaron trabajos de refacci\u00f3n en las aulas, galer\u00edas, cubiertas, instalaciones el\u00e9ctricas y sanitarias, carpinter\u00edas, pisos y espacios exteriores, adem\u00e1s del cierre perimetral y mejoras generales.<\/p>\n<p>Durante la visita, se realiz\u00f3 adem\u00e1s la entrega de computadoras a estudiantes, incorporando herramientas tecnol\u00f3gicas para acompa\u00f1ar el aprendizaje y fortalecer las oportunidades educativas de los alumnos de la zona.<\/p>\n<p>En este contexto, el gobernador de San Juan, Dr. Marcelo Orrego manifest\u00f3 que\u00a0 \u201cagradezco a las autoridades y equipos que hicieron posible esta ampliaci\u00f3n escolar. La educaci\u00f3n iguala oportunidades y construye el futuro, por eso seguiremos invirtiendo en infraestructura y programas como alfabetizaci\u00f3n y Comprendo y Aprendo, cuyos resultados ya muestran avances\u201d.<\/p>\n<p>\u201cEstamos interviniendo los establecimientos educativos para que, cuando los chicos regresen a las aulas, encuentren escuelas en mejores condiciones. Y seguimos avanzando con la digitalizaci\u00f3n: ya entregamos computadoras a los alumnos de 5\u00b0 y 6\u00b0 grado y ahora vamos por 50.000 equipos para los estudiantes de secundaria\u00bb.<\/p>\n<p>\u00abHoy tener una computadora significa acceder al conocimiento, a las nuevas tecnolog\u00edas y a la inteligencia artificial, y eso tambi\u00e9n es justicia social: es igualar oportunidades y construir un mejor futuro para todos los chicos de San Juan. Vamos a seguir trabajando junto a las familias y los docentes, siempre cerca de la gente y con la educaci\u00f3n como una herramienta para transformar la provincia\u00bb &#8211; sintetiz\u00f3 el gobernador de San Juan, Dr. Marcelo Orrego.<\/p>\n<p><iframe loading=\"lazy\" title=\"Orrego inaugur\u00f3 ampliaciones y refaccion en escuelas de la Localidad de Vallecito, depto. Caucete\" width=\"800\" height=\"450\" src=\"https:\/\/www.youtube.com\/embed\/nePx6sTpca0?feature=oembed\" frameborder=\"0\" allow=\"accelerometer; autoplay; clipboard-write; encrypted-media; gyroscope; picture-in-picture; web-share\" referrerpolicy=\"strict-origin-when-cross-origin\" allowfullscreen><\/iframe><\/p>\n<p>Durante el acto, el mandatario estuvo acompa\u00f1ado por los ministros de Educaci\u00f3n, Silvia Fuentes; Infraestructura, Agua y Energ\u00eda, Fernando Perea; secretario de Modernizaci\u00f3n y Transformaci\u00f3n del Estado, Fabricio Echegaray, intendenta de Caucete, Romina Rosas; autoridades de la escuela y dem\u00e1s funcionarios.<\/p>\n<p>La actividad form\u00f3 parte de un recorrido por distintas obras que el Gobierno de San Juan lleva adelante en Difunta Correa y Vallecito, como parte de una transformaci\u00f3n que contempla tanto la infraestructura destinada a los visitantes como los servicios esenciales para los habitantes del paraje.<\/p>\n<p>En este marco, Orrego recorri\u00f3 tambi\u00e9n la construcci\u00f3n del nuevo Centro de Atenci\u00f3n Primaria de la Salud (CAPS) Vallecito), que registra un 25 % de avance. El edificio contar\u00e1 con consultorios, odontolog\u00eda, ginecolog\u00eda, enfermer\u00eda, farmacia, guardia, \u00e1reas administrativas y espacios para el personal, permitiendo mejorar y acercar la atenci\u00f3n sanitaria a los vecinos.<\/p>\n<p>Otro de los puntos del recorrido fue la Unidad Operativa Rural N.\u00ba 1 Vallecito, que presenta un 25 % de avance. La nueva dependencia permitir\u00e1 fortalecer la presencia de la Polic\u00eda Rural y su capacidad operativa, con oficinas, guardia, dormitorios para el personal, cocina-comedor, sanitarios, estacionamientos y corrales para animales.<\/p>\n<p>La ampliaci\u00f3n de la escuela, la incorporaci\u00f3n de tecnolog\u00eda para los estudiantes y las nuevas obras de salud y seguridad forman parte de una intervenci\u00f3n integral que busca acompa\u00f1ar el crecimiento de Vallecito y consolidar la transformaci\u00f3n de Difunta Correa, con mejores servicios tanto para los vecinos como para los miles de peregrinos y turistas que llegan cada a\u00f1o.<\/p>\n<p><img loading=\"lazy\" decoding=\"async\" class=\"alignnone size-full wp-image-65642\" src=\"https:\/\/vocesparalelas.com.ar\/sitio\/wp-content\/uploads\/2023\/11\/GOBIERNO-SAN-JUAN.jpg\" alt=\"\" width=\"800\" height=\"600\" srcset=\"https:\/\/vocesparalelas.com.ar\/sitio\/wp-content\/uploads\/2023\/11\/GOBIERNO-SAN-JUAN.jpg 800w, https:\/\/vocesparalelas.com.ar\/sitio\/wp-content\/uploads\/2023\/11\/GOBIERNO-SAN-JUAN-300x225.jpg 300w, https:\/\/vocesparalelas.com.ar\/sitio\/wp-content\/uploads\/2023\/11\/GOBIERNO-SAN-JUAN-768x576.jpg 768w\" sizes=\"auto, (max-width: 800px) 100vw, 800px\" \/><\/p>\n","protected":false},"excerpt":{"rendered":"<p>Adem\u00e1s las obras que el Gobierno de San Juan ejecuta en Vallecito, entre ellas el nuevo CAPS y la Unidad<\/p>\n","protected":false},"author":3,"featured_media":102661,"comment_status":"closed","ping_status":"closed","sticky":false,"template":"","format":"standard","meta":{"_acf_changed":false,"_seopress_titles_title":"","_seopress_titles_desc":"","_seopress_robots_index":"","_seopress_robots_follow":"","_seopress_robots_imageindex":"","_seopress_robots_snippet":"","_seopress_robots_primary_cat":"","_seopress_robots_breadcrumbs":"","_seopress_robots_freeze_modified_date":"","_seopress_robots_custom_modified_date":"","_seopress_robots_canonical":"","_seopress_social_fb_title":"","_seopress_social_fb_desc":"","_seopress_social_fb_img":"","_seopress_social_fb_img_attachment_id":0,"_seopress_social_fb_img_width":0,"_seopress_social_fb_img_height":0,"_seopress_social_twitter_title":"","_seopress_social_twitter_desc":"","_seopress_social_twitter_img":"","_seopress_social_twitter_img_attachment_id":0,"_seopress_social_twitter_img_width":0,"_seopress_social_twitter_img_height":0,"_seopress_redirections_value":"","_seopress_redirections_enabled":"","_seopress_redirections_enabled_regex":"","_seopress_redirections_logged_status":"","_seopress_redirections_param":"","_seopress_redirections_type":0,"_seopress_analysis_target_kw":"","colormag_page_container_layout":"default_layout","colormag_page_sidebar_layout":"default_layout","footnotes":""},"categories":[1,7],"tags":[],"class_list":["post-102660","post","type-post","status-publish","format-standard","has-post-thumbnail","hentry","category-destacadas","category-videos"],"acf":[],"_links":{"self":[{"href":"https:\/\/vocesparalelas.com.ar\/sitio\/wp-json\/wp\/v2\/posts\/102660","targetHints":{"allow":["GET"]}}],"collection":[{"href":"https:\/\/vocesparalelas.com.ar\/sitio\/wp-json\/wp\/v2\/posts"}],"about":[{"href":"https:\/\/vocesparalelas.com.ar\/sitio\/wp-json\/wp\/v2\/types\/post"}],"author":[{"embeddable":true,"href":"https:\/\/vocesparalelas.com.ar\/sitio\/wp-json\/wp\/v2\/users\/3"}],"replies":[{"embeddable":true,"href":"https:\/\/vocesparalelas.com.ar\/sitio\/wp-json\/wp\/v2\/comments?post=102660"}],"version-history":[{"count":1,"href":"https:\/\/vocesparalelas.com.ar\/sitio\/wp-json\/wp\/v2\/posts\/102660\/revisions"}],"predecessor-version":[{"id":102667,"href":"https:\/\/vocesparalelas.com.ar\/sitio\/wp-json\/wp\/v2\/posts\/102660\/revisions\/102667"}],"wp:featuredmedia":[{"embeddable":true,"href":"https:\/\/vocesparalelas.com.ar\/sitio\/wp-json\/wp\/v2\/media\/102661"}],"wp:attachment":[{"href":"https:\/\/vocesparalelas.com.ar\/sitio\/wp-json\/wp\/v2\/media?parent=102660"}],"wp:term":[{"taxonomy":"category","embeddable":true,"href":"https:\/\/vocesparalelas.com.ar\/sitio\/wp-json\/wp\/v2\/categories?post=102660"},{"taxonomy":"post_tag","embeddable":true,"href":"https:\/\/vocesparalelas.com.ar\/sitio\/wp-json\/wp\/v2\/tags?post=102660"}],"curies":[{"name":"wp","href":"https:\/\/api.w.org\/{rel}","templated":true}]}}