{"id":102658,"date":"2026-08-31T12:50:42","date_gmt":"2026-08-31T15:50:42","guid":{"rendered":"https:\/\/vocesparalelas.com.ar\/sitio\/?p=102658"},"modified":"2026-08-31T12:50:42","modified_gmt":"2026-08-31T15:50:42","slug":"preinscripcion-al-plan-fines-2026-termina-tu-secundario-en-san-juan","status":"publish","type":"post","link":"https:\/\/vocesparalelas.com.ar\/sitio\/preinscripcion-al-plan-fines-2026-termina-tu-secundario-en-san-juan\/","title":{"rendered":"Preinscripci\u00f3n al Plan FinEs 2026 \u00abTermina tu Secundario\u00bb en San Juan"},"content":{"rendered":"<p>El Ministerio de Educaci\u00f3n del Gobierno de San Juan\u00a0 habilita desde el Lunes, 31 de Agosto la preinscripci\u00f3n al Plan FinEs 2026 \u00abTermina tu Secundario\u00bb, destinada a j\u00f3venes y adultos que buscan completar sus estudios secundarios.<\/p>\n<p>La convocatoria se extiende hasta el Viernes, 4 de Septiembre y la inscripci\u00f3n se realiza de manera presencial en la Isla del Ministerio de Educaci\u00f3n, Planta baja del Centro C\u00edvico, de 8,30 a 13 horas.<\/p>\n<p><img loading=\"lazy\" decoding=\"async\" class=\"alignnone size-large wp-image-5706\" src=\"https:\/\/vocesparalelas.com.ar\/sitio\/wp-content\/uploads\/2017\/09\/EDUCACION-ISLA-800x450.jpg\" alt=\"\" width=\"800\" height=\"450\" srcset=\"https:\/\/vocesparalelas.com.ar\/sitio\/wp-content\/uploads\/2017\/09\/EDUCACION-ISLA-800x450.jpg 800w, https:\/\/vocesparalelas.com.ar\/sitio\/wp-content\/uploads\/2017\/09\/EDUCACION-ISLA-300x169.jpg 300w, https:\/\/vocesparalelas.com.ar\/sitio\/wp-content\/uploads\/2017\/09\/EDUCACION-ISLA-768x432.jpg 768w, https:\/\/vocesparalelas.com.ar\/sitio\/wp-content\/uploads\/2017\/09\/EDUCACION-ISLA.jpg 1024w\" sizes=\"auto, (max-width: 800px) 100vw, 800px\" \/><\/p>\n<p>Los interesados deben concurrir con la documentaci\u00f3n correspondiente seg\u00fan la l\u00ednea de acci\u00f3n a la que quieran acceder. Precisamente, Plan FinEs contempla distintas alternativas de acuerdo con la trayectoria educativa de cada persona.<\/p>\n<p>FinEs Deudores de materias: est\u00e1 destinado a quienes terminaron de cursar como alumnos regulares el \u00faltimo a\u00f1o de la secundaria y adeudan materias o \u00e1reas. Los postulantes deben tener 18 a\u00f1os como m\u00ednimo y presentar el certificado de materias adeudadas, solicitado en la escuela de origen.<\/p>\n<p>FinEs II Deudores de a\u00f1os, con Ciclo B\u00e1sico aprobado: pueden acceder quienes tengan 22 a\u00f1os como m\u00ednimo y hayan aprobado el Ciclo B\u00e1sico correspondiente a la normativa educativa bajo la cual cursaron. Se deber\u00e1 presentar una copia del Libro Matriz, solicitada en la escuela de origen.<\/p>\n<p>Entre las trayectorias reconocidas se encuentran el segundo a\u00f1o del antiguo nivel secundario de cinco a\u00f1os, el 9\u00b0 a\u00f1o de EGB 3 de la Ley Federal de Educaci\u00f3n, el Ciclo B\u00e1sico de la Ley de Educaci\u00f3n 26.206, el primer a\u00f1o de Educaci\u00f3n de Adultos (CENS), el Ciclo B\u00e1sico de instituciones de Educaci\u00f3n Permanente de J\u00f3venes y Adultos de gesti\u00f3n privada y el Ciclo B\u00e1sico de FinEs III.<\/p>\n<p>FinEs para realizar el Secundario Completo: est\u00e1 destinado a personas de 28 a\u00f1os o m\u00e1s que cuenten con primaria completa. Para la inscripci\u00f3n deber\u00e1n presentar el certificado de finalizaci\u00f3n de los estudios primarios.<\/p>\n<p><img loading=\"lazy\" decoding=\"async\" class=\"alignnone size-full wp-image-28629\" src=\"https:\/\/vocesparalelas.com.ar\/sitio\/wp-content\/uploads\/2020\/05\/MINISTERIO-EDUCACION-SJ.jpg\" alt=\"\" width=\"800\" height=\"533\" srcset=\"https:\/\/vocesparalelas.com.ar\/sitio\/wp-content\/uploads\/2020\/05\/MINISTERIO-EDUCACION-SJ.jpg 800w, https:\/\/vocesparalelas.com.ar\/sitio\/wp-content\/uploads\/2020\/05\/MINISTERIO-EDUCACION-SJ-300x200.jpg 300w, https:\/\/vocesparalelas.com.ar\/sitio\/wp-content\/uploads\/2020\/05\/MINISTERIO-EDUCACION-SJ-768x512.jpg 768w\" sizes=\"auto, (max-width: 800px) 100vw, 800px\" \/><\/p>\n<p>&nbsp;<\/p>\n","protected":false},"excerpt":{"rendered":"<p>El Ministerio de Educaci\u00f3n del Gobierno de San Juan\u00a0 habilita desde el Lunes, 31 de Agosto la preinscripci\u00f3n al Plan<\/p>\n","protected":false},"author":3,"featured_media":63474,"comment_status":"closed","ping_status":"closed","sticky":false,"template":"","format":"standard","meta":{"_acf_changed":false,"_seopress_titles_title":"","_seopress_titles_desc":"","_seopress_robots_index":"","_seopress_robots_follow":"","_seopress_robots_imageindex":"","_seopress_robots_snippet":"","_seopress_robots_primary_cat":"","_seopress_robots_breadcrumbs":"","_seopress_robots_freeze_modified_date":"","_seopress_robots_custom_modified_date":"","_seopress_robots_canonical":"","_seopress_social_fb_title":"","_seopress_social_fb_desc":"","_seopress_social_fb_img":"","_seopress_social_fb_img_attachment_id":0,"_seopress_social_fb_img_width":0,"_seopress_social_fb_img_height":0,"_seopress_social_twitter_title":"","_seopress_social_twitter_desc":"","_seopress_social_twitter_img":"","_seopress_social_twitter_img_attachment_id":0,"_seopress_social_twitter_img_width":0,"_seopress_social_twitter_img_height":0,"_seopress_redirections_value":"","_seopress_redirections_enabled":"","_seopress_redirections_enabled_regex":"","_seopress_redirections_logged_status":"","_seopress_redirections_param":"","_seopress_redirections_type":0,"_seopress_analysis_target_kw":"","colormag_page_container_layout":"default_layout","colormag_page_sidebar_layout":"default_layout","footnotes":""},"categories":[1],"tags":[],"class_list":["post-102658","post","type-post","status-publish","format-standard","has-post-thumbnail","hentry","category-destacadas"],"acf":[],"_links":{"self":[{"href":"https:\/\/vocesparalelas.com.ar\/sitio\/wp-json\/wp\/v2\/posts\/102658","targetHints":{"allow":["GET"]}}],"collection":[{"href":"https:\/\/vocesparalelas.com.ar\/sitio\/wp-json\/wp\/v2\/posts"}],"about":[{"href":"https:\/\/vocesparalelas.com.ar\/sitio\/wp-json\/wp\/v2\/types\/post"}],"author":[{"embeddable":true,"href":"https:\/\/vocesparalelas.com.ar\/sitio\/wp-json\/wp\/v2\/users\/3"}],"replies":[{"embeddable":true,"href":"https:\/\/vocesparalelas.com.ar\/sitio\/wp-json\/wp\/v2\/comments?post=102658"}],"version-history":[{"count":1,"href":"https:\/\/vocesparalelas.com.ar\/sitio\/wp-json\/wp\/v2\/posts\/102658\/revisions"}],"predecessor-version":[{"id":102659,"href":"https:\/\/vocesparalelas.com.ar\/sitio\/wp-json\/wp\/v2\/posts\/102658\/revisions\/102659"}],"wp:featuredmedia":[{"embeddable":true,"href":"https:\/\/vocesparalelas.com.ar\/sitio\/wp-json\/wp\/v2\/media\/63474"}],"wp:attachment":[{"href":"https:\/\/vocesparalelas.com.ar\/sitio\/wp-json\/wp\/v2\/media?parent=102658"}],"wp:term":[{"taxonomy":"category","embeddable":true,"href":"https:\/\/vocesparalelas.com.ar\/sitio\/wp-json\/wp\/v2\/categories?post=102658"},{"taxonomy":"post_tag","embeddable":true,"href":"https:\/\/vocesparalelas.com.ar\/sitio\/wp-json\/wp\/v2\/tags?post=102658"}],"curies":[{"name":"wp","href":"https:\/\/api.w.org\/{rel}","templated":true}]}}