{"id":102654,"date":"2026-08-30T12:20:38","date_gmt":"2026-08-30T15:20:38","guid":{"rendered":"https:\/\/vocesparalelas.com.ar\/sitio\/?p=102654"},"modified":"2026-08-30T12:33:32","modified_gmt":"2026-08-30T15:33:32","slug":"agenda-de-talleres-septiembre-2026-en-el-chalet-cantoni-de-san-juan","status":"publish","type":"post","link":"https:\/\/vocesparalelas.com.ar\/sitio\/agenda-de-talleres-septiembre-2026-en-el-chalet-cantoni-de-san-juan\/","title":{"rendered":"Agenda de Talleres \u00abSeptiembre 2026\u00bb en el Chalet Cantoni de San Juan"},"content":{"rendered":"<p>El\u00a0Chalet Cantoni \u2013 Casa Cultural, dependiente del Ministerio de Turismo, Cultura y Deporte del Gobierno de San Juan, comienza Septiembre con una agenda que re\u00fane formaci\u00f3n audiovisual, experimentaci\u00f3n electr\u00f3nica, literatura, m\u00fasica, arte y dise\u00f1o.<\/p>\n<p>Las propuestas se desarrollan en el espacio Av. Libertador 3339 &#8211; O -, Departamento Rivadavia, con actividades gratuitas y aranceladas para diferentes p\u00fablicos.<\/p>\n<p><span style=\"color: #ff6600;\"><strong>Cronograma<\/strong><\/span><\/p>\n<ul>\n<li>Mi\u00e9rcoles, 2 de septiembre, a las 17:15 \u00a0hs. , con el inicio de \u201cC\u00f3mo hacer cine en San Juan\u201d, un curso b\u00e1sico de cine y producci\u00f3n audiovisual que propone acercar a los participantes a las distintas etapas de realizaci\u00f3n de una obra cinematogr\u00e1fica. Las clases se desarrollar\u00e1n los mi\u00e9rcoles de septiembre y continuar\u00e1n los martes de octubre y noviembre, de 17:15 a 21 hs.. El programa abordar\u00e1 fundamentos del lenguaje audiovisual, escritura de guiones, direcci\u00f3n de actores, producci\u00f3n y aspectos t\u00e9cnicos vinculados con c\u00e1mara, sonido e iluminaci\u00f3n. La din\u00e1mica combinar\u00e1 teor\u00eda y ejercicios pr\u00e1cticos para que cada participante pueda desarrollar un proyecto propio. El cuerpo docente est\u00e1 integrado por Juan Vargas, Valentina \u00c1lvarez, Alfonso Aseguinolaza, Eliana Quiroga, Franco Tello, Luz Noguera, Santiago Rezzano, Martina Carballo y Cecilia Arias. El curso tiene un valor total de $30.000, cuenta con cupos limitados y requiere inscripci\u00f3n previa a<\/li>\n<\/ul>\n<p><a href=\"https:\/\/docs.google.com\/forms\/d\/e\/1FAIpQLSeWBiretp-E5r9r-uNpGoOTcVEK1DLOtlC0d4SpevWzO84CzA\/viewform\">https:\/\/docs.google.com\/forms\/d\/e\/1FAIpQLSeWBiretp-E5r9r-uNpGoOTcVEK1DLOtlC0d4SpevWzO84CzA\/viewform<\/a><\/p>\n<ul>\n<li>Jueves, 3 de septiembre, a las 16:30 \u00a0hs. , comienza el Laboratorio de Exploraci\u00f3n Electr\u00f3nica, una propuesta de PRIMO que invita a construir un dispositivo sonoro a partir del conocimiento, la pr\u00e1ctica y la reutilizaci\u00f3n de desechos electr\u00f3nicos. El espacio plantea un encuentro entre arte, ciencia y tecnolog\u00eda desde la filosof\u00eda del \u201cHazlo t\u00fa mismo\u201d. El laboratorio est\u00e1 a cargo del colectivo art\u00edstico integrado por Diego Villarroel y Sebasti\u00e1n Castro y se desarrolla durante cuatro encuentros consecutivos, los Jueves de Septiembre, de 16:30 a 19 \u00a0hs. . El arancel es de $60.000 y las inscripciones se realizan<\/li>\n<\/ul>\n<p><a href=\"https:\/\/docs.google.com\/forms\/d\/e\/1FAIpQLScfq63j_UiuTc69Ef1bSLGs9TSrYCe_PwoRtvUf81qQNygbkQ\/viewform\">https:\/\/docs.google.com\/forms\/d\/e\/1FAIpQLScfq63j_UiuTc69Ef1bSLGs9TSrYCe_PwoRtvUf81qQNygbkQ\/viewform<\/a><\/p>\n<ul>\n<li>Viernes, 4 de Septiembre, a las 18 \u00a0hs. , con la presentaci\u00f3n de \u201cPropiocepci\u00f3n. Colecci\u00f3n de cuentos\u201d, de Brisa Woods. La actividad propone la presentaci\u00f3n oficial de la antolog\u00eda de cuentos contempor\u00e1neos, con lectura de fragmentos, conversaci\u00f3n con el p\u00fablico, firma de ejemplares y una propuesta gastron\u00f3mica. La jornada contar\u00e1 adem\u00e1s con m\u00fasica en vivo del Coro Thomas Tallis, Maxi Ar\u00e9valo, Luj\u00e1n Galdeano y DJ Amarello. La entrada ser\u00e1 libre y gratuita.<\/li>\n<li>S\u00e1bado, 5 de Septiembre, a las 19 \u00a0hs. , con una nueva edici\u00f3n de \u201cMovimiento Tren\u201d, encuentro que combina m\u00fasica en vivo, DJ sets, feria de dise\u00f1o y mercado de arte urbano. La programaci\u00f3n musical incluir\u00e1 las presentaciones de Hip Boss, 4 Funktasticxs y Esha, adem\u00e1s del DJ set Index, a cargo de Palomassss &amp; Seek. La propuesta reune tambi\u00e9n a artistas y emprendimientos locales en una jornada pensada como espacio de encuentro para la m\u00fasica, el arte independiente y las nuevas expresiones creativas. Las entradas est\u00e1n disponibles online y pueden adquirirse a trav\u00e9s del enlace\u00a0oficial de Movimiento Tren.<\/li>\n<\/ul>\n<p><a href=\"https:\/\/bit.ly\/movimientotrenCHALET\">https:\/\/bit.ly\/movimientotrenCHALET<\/a><\/p>\n<ul>\n<li>Domingo 6 de septiembre, de 16 a 21 \u00a0hs. , llega la quinta edici\u00f3n de Feria La Lolita. El Chalet Cantoni recibe a m\u00e1s de 50 emprendedores locales que ofrecen productos de marroquiner\u00eda, decoraci\u00f3n, accesorios, cer\u00e1mica, tejidos, textiles, velas y otras producciones. La feria busca generar un espacio para que emprendimientos sanjuaninos puedan exhibir y comercializar sus productos y encontrarse con el p\u00fablico. Durante la tarde tambi\u00e9n habr\u00e1 propuestas gastron\u00f3micas y los asistentes podr\u00e1n llevar su mate para disfrutar de la jornada. La entrada ser\u00e1 libre y gratuita.<\/li>\n<\/ul>\n<figure id=\"attachment_77863\" aria-describedby=\"caption-attachment-77863\" style=\"width: 800px\" class=\"wp-caption alignnone\"><img loading=\"lazy\" decoding=\"async\" class=\"size-full wp-image-77863\" src=\"https:\/\/vocesparalelas.com.ar\/sitio\/wp-content\/uploads\/2024\/10\/CHALET-CANTONI-NUEVO.jpg\" alt=\"\" width=\"800\" height=\"533\" srcset=\"https:\/\/vocesparalelas.com.ar\/sitio\/wp-content\/uploads\/2024\/10\/CHALET-CANTONI-NUEVO.jpg 800w, https:\/\/vocesparalelas.com.ar\/sitio\/wp-content\/uploads\/2024\/10\/CHALET-CANTONI-NUEVO-300x200.jpg 300w, https:\/\/vocesparalelas.com.ar\/sitio\/wp-content\/uploads\/2024\/10\/CHALET-CANTONI-NUEVO-768x512.jpg 768w\" sizes=\"auto, (max-width: 800px) 100vw, 800px\" \/><figcaption id=\"caption-attachment-77863\" class=\"wp-caption-text\">Chalet Cantoni, Departamento Rivadavia, Provincia San Juan, Rep\u00fablica Argentita<\/figcaption><\/figure>\n","protected":false},"excerpt":{"rendered":"<p>El\u00a0Chalet Cantoni \u2013 Casa Cultural, dependiente del Ministerio de Turismo, Cultura y Deporte del Gobierno de San Juan, comienza Septiembre<\/p>\n","protected":false},"author":3,"featured_media":46297,"comment_status":"closed","ping_status":"closed","sticky":false,"template":"","format":"standard","meta":{"_acf_changed":false,"_seopress_titles_title":"","_seopress_titles_desc":"","_seopress_robots_index":"","_seopress_robots_follow":"","_seopress_robots_imageindex":"","_seopress_robots_snippet":"","_seopress_robots_primary_cat":"","_seopress_robots_breadcrumbs":"","_seopress_robots_freeze_modified_date":"","_seopress_robots_custom_modified_date":"","_seopress_robots_canonical":"","_seopress_social_fb_title":"","_seopress_social_fb_desc":"","_seopress_social_fb_img":"","_seopress_social_fb_img_attachment_id":0,"_seopress_social_fb_img_width":0,"_seopress_social_fb_img_height":0,"_seopress_social_twitter_title":"","_seopress_social_twitter_desc":"","_seopress_social_twitter_img":"","_seopress_social_twitter_img_attachment_id":0,"_seopress_social_twitter_img_width":0,"_seopress_social_twitter_img_height":0,"_seopress_redirections_value":"","_seopress_redirections_enabled":"","_seopress_redirections_enabled_regex":"","_seopress_redirections_logged_status":"","_seopress_redirections_param":"","_seopress_redirections_type":0,"_seopress_analysis_target_kw":"","colormag_page_container_layout":"default_layout","colormag_page_sidebar_layout":"default_layout","footnotes":""},"categories":[1],"tags":[],"class_list":["post-102654","post","type-post","status-publish","format-standard","has-post-thumbnail","hentry","category-destacadas"],"acf":[],"_links":{"self":[{"href":"https:\/\/vocesparalelas.com.ar\/sitio\/wp-json\/wp\/v2\/posts\/102654","targetHints":{"allow":["GET"]}}],"collection":[{"href":"https:\/\/vocesparalelas.com.ar\/sitio\/wp-json\/wp\/v2\/posts"}],"about":[{"href":"https:\/\/vocesparalelas.com.ar\/sitio\/wp-json\/wp\/v2\/types\/post"}],"author":[{"embeddable":true,"href":"https:\/\/vocesparalelas.com.ar\/sitio\/wp-json\/wp\/v2\/users\/3"}],"replies":[{"embeddable":true,"href":"https:\/\/vocesparalelas.com.ar\/sitio\/wp-json\/wp\/v2\/comments?post=102654"}],"version-history":[{"count":1,"href":"https:\/\/vocesparalelas.com.ar\/sitio\/wp-json\/wp\/v2\/posts\/102654\/revisions"}],"predecessor-version":[{"id":102655,"href":"https:\/\/vocesparalelas.com.ar\/sitio\/wp-json\/wp\/v2\/posts\/102654\/revisions\/102655"}],"wp:featuredmedia":[{"embeddable":true,"href":"https:\/\/vocesparalelas.com.ar\/sitio\/wp-json\/wp\/v2\/media\/46297"}],"wp:attachment":[{"href":"https:\/\/vocesparalelas.com.ar\/sitio\/wp-json\/wp\/v2\/media?parent=102654"}],"wp:term":[{"taxonomy":"category","embeddable":true,"href":"https:\/\/vocesparalelas.com.ar\/sitio\/wp-json\/wp\/v2\/categories?post=102654"},{"taxonomy":"post_tag","embeddable":true,"href":"https:\/\/vocesparalelas.com.ar\/sitio\/wp-json\/wp\/v2\/tags?post=102654"}],"curies":[{"name":"wp","href":"https:\/\/api.w.org\/{rel}","templated":true}]}}